{"id":76758,"date":"2021-10-28T16:54:43","date_gmt":"2021-10-28T19:54:43","guid":{"rendered":"https:\/\/blogdoedvaldomagalhaes.com.br\/?p=76758"},"modified":"2021-10-28T16:54:45","modified_gmt":"2021-10-28T19:54:45","slug":"prf-reforca-fiscalizacao-nas-rodovias-federais-durante-operacao-finados-em-pernambuco","status":"publish","type":"post","link":"https:\/\/blogdoedvaldomagalhaes.com.br\/index.php\/2021\/10\/28\/prf-reforca-fiscalizacao-nas-rodovias-federais-durante-operacao-finados-em-pernambuco\/","title":{"rendered":"PRF refor\u00e7a fiscaliza\u00e7\u00e3o nas rodovias federais durante Opera\u00e7\u00e3o Finados em Pernambuco"},"content":{"rendered":"<p style=\"text-align: justify;\"><span style=\"font-size: inherit;\">Celebrado no dia 2 de novembro, o feriado de finados este ano ocorre numa ter\u00e7a-feira e cria a expectativa de um final de semana prolongado \u2013 o chamado feriad\u00e3o. Historicamente, h\u00e1 um aumento relevante na quantidade de ve\u00edculos e de \u00f4nibus de passageiros nas rodovias federais, bem como, surge a preocupa\u00e7\u00e3o com o comportamento dos condutores e o n\u00famero de acidentes nesse per\u00edodo.<\/span><\/p>\n<p style=\"text-align: justify;\">Para reduzir acidentes graves, promover a seguran\u00e7a vi\u00e1ria e levar conscientiza\u00e7\u00e3o por meio de campanhas de educa\u00e7\u00e3o para o tr\u00e2nsito, a Pol\u00edcia Rodovi\u00e1ria Federal (PRF) promove a Opera\u00e7\u00e3o Finados 2021, entre sexta (29) e ter\u00e7a-feira (2), em Pernambuco. Trata-se de um conjunto de a\u00e7\u00f5es que busca proporcionar seguran\u00e7a nos locais de maior incid\u00eancia de sinistros, refor\u00e7ar o policiamento ostensivo e preventivo em pontos de ocorr\u00eancia de criminalidade, al\u00e9m de desenvolver a\u00e7\u00f5es que despertem nas pessoas a mudan\u00e7a de atitude por um tr\u00e2nsito mais seguro.<\/p>\n<p style=\"text-align: justify;\">Preocupa\u00e7\u00e3o quase que constante, a mistura de \u00e1lcool e dire\u00e7\u00e3o \u00e9 outro ponto de alerta para os policiais que estar\u00e3o diuturnamente fiscalizando nas BRs do estado. Nesse sentido, ser\u00e3o utilizados testes de etil\u00f4metro, conhecidos popularmente como baf\u00f4metro, para coibir essa pr\u00e1tica, que diminui a capacidade de rea\u00e7\u00e3o do motorista e aumenta o risco de colis\u00f5es.<\/p>\n<p style=\"text-align: justify;\">Outros comportamentos imprudentes, como a realiza\u00e7\u00e3o de ultrapassagens em local proibido, uso irregular de motocicletas, falta de equipamentos obrigat\u00f3rios e transitar pelo acostamento tamb\u00e9m estar\u00e3o no foco das abordagens.<\/p>\n<p style=\"text-align: justify;\">O feriado de 2 de novembro \u00e9 marcado por uma maior movimenta\u00e7\u00e3o de ve\u00edculos nas rodovias do estado, principalmente na BR 101, em dire\u00e7\u00e3o ao Litoral Norte e Sul de Pernambuco. A BR 232, que liga a capital ao interior do estado, tamb\u00e9m deve registrar um fluxo mais intenso, principalmente no primeiro e no \u00faltimo dia da opera\u00e7\u00e3o.<\/p>\n<p style=\"text-align: justify;\">Dicas de seguran\u00e7a<\/p>\n<p style=\"text-align: justify;\">\u2022 Antes de pegar a estrada, programe sua viagem. Descanse bem antes de dirigir, organize as bagagens no ve\u00edculo e escolha a rota e o hor\u00e1rio mais seguros;<\/p>\n<p style=\"text-align: justify;\">\u2022 Confira se a documenta\u00e7\u00e3o pessoal e do ve\u00edculo est\u00e3o em dia;<\/p>\n<p style=\"text-align: justify;\">\u2022 Mantenha a aten\u00e7\u00e3o na rodovia e em tudo que a rodeia: pessoas, ve\u00edculos e animais;<\/p>\n<p style=\"text-align: justify;\">\u2022 Aumente a dist\u00e2ncia entre os ve\u00edculos, para evitar colis\u00f5es traseiras ou sa\u00eddas de pista;<\/p>\n<p style=\"text-align: justify;\">\u2022 Caso se envolva em acidentes sem v\u00edtima, pegue o m\u00e1ximo de informa\u00e7\u00f5es com os envolvidos e registre a ocorr\u00eancia no site gov.br\/prf, no campo DAT;<\/p>\n<p style=\"text-align: justify;\">\u2022 Em caso de emerg\u00eancia, entre em contato com a PRF pelo telefone 191.<\/p>\n","protected":false},"excerpt":{"rendered":"<p>Celebrado no dia 2 de novembro, o feriado de finados este ano ocorre numa ter\u00e7a-feira e cria a expectativa de&hellip;<\/p>\n","protected":false},"author":1,"featured_media":76759,"comment_status":"open","ping_status":"open","sticky":false,"template":"","format":"standard","meta":{"footnotes":""},"categories":[14121],"tags":[2,19532,3406,6,23246],"class_list":["post-76758","post","type-post","status-publish","format-standard","has-post-thumbnail","hentry","category-policial","tag-blog-do-edvaldo-magalhaes","tag-blog-mais-acessado-e-visualizado-de-caruaru-e-regiao","tag-caruaru","tag-noticias","tag-prf-reforca-fiscalizacao-nas-rodovias-federais-durante-operacao-finados-em-pernambuco"],"_links":{"self":[{"href":"https:\/\/blogdoedvaldomagalhaes.com.br\/index.php\/wp-json\/wp\/v2\/posts\/76758","targetHints":{"allow":["GET"]}}],"collection":[{"href":"https:\/\/blogdoedvaldomagalhaes.com.br\/index.php\/wp-json\/wp\/v2\/posts"}],"about":[{"href":"https:\/\/blogdoedvaldomagalhaes.com.br\/index.php\/wp-json\/wp\/v2\/types\/post"}],"author":[{"embeddable":true,"href":"https:\/\/blogdoedvaldomagalhaes.com.br\/index.php\/wp-json\/wp\/v2\/users\/1"}],"replies":[{"embeddable":true,"href":"https:\/\/blogdoedvaldomagalhaes.com.br\/index.php\/wp-json\/wp\/v2\/comments?post=76758"}],"version-history":[{"count":1,"href":"https:\/\/blogdoedvaldomagalhaes.com.br\/index.php\/wp-json\/wp\/v2\/posts\/76758\/revisions"}],"predecessor-version":[{"id":76760,"href":"https:\/\/blogdoedvaldomagalhaes.com.br\/index.php\/wp-json\/wp\/v2\/posts\/76758\/revisions\/76760"}],"wp:featuredmedia":[{"embeddable":true,"href":"https:\/\/blogdoedvaldomagalhaes.com.br\/index.php\/wp-json\/wp\/v2\/media\/76759"}],"wp:attachment":[{"href":"https:\/\/blogdoedvaldomagalhaes.com.br\/index.php\/wp-json\/wp\/v2\/media?parent=76758"}],"wp:term":[{"taxonomy":"category","embeddable":true,"href":"https:\/\/blogdoedvaldomagalhaes.com.br\/index.php\/wp-json\/wp\/v2\/categories?post=76758"},{"taxonomy":"post_tag","embeddable":true,"href":"https:\/\/blogdoedvaldomagalhaes.com.br\/index.php\/wp-json\/wp\/v2\/tags?post=76758"}],"curies":[{"name":"wp","href":"https:\/\/api.w.org\/{rel}","templated":true}]}}