{"id":76753,"date":"2021-10-28T13:31:39","date_gmt":"2021-10-28T16:31:39","guid":{"rendered":"https:\/\/blogdoedvaldomagalhaes.com.br\/?p=76753"},"modified":"2021-10-28T13:55:19","modified_gmt":"2021-10-28T16:55:19","slug":"dia-do-servidor-publico-e-transferido-para-1o-de-novembro-com-ponto-facultativo","status":"publish","type":"post","link":"https:\/\/blogdoedvaldomagalhaes.com.br\/index.php\/2021\/10\/28\/dia-do-servidor-publico-e-transferido-para-1o-de-novembro-com-ponto-facultativo\/","title":{"rendered":"Dia do Servidor P\u00fablico \u00e9 transferido para 1\u00ba de novembro com ponto facultativo"},"content":{"rendered":"<p style=\"text-align: justify;\">A Secretaria de Administra\u00e7\u00e3o de Caruaru,\u00a0publicou portaria no Di\u00e1rio Oficial do Munic\u00edpio alterando a data do feriado do Dia do Servidor P\u00fablico, 28 de outubro, para o dia 1\u00ba de novembro, v\u00e9spera do Dia de Finados.<\/p>\n<p style=\"text-align: justify;\">Com a modifica\u00e7\u00e3o, haver\u00e1 atendimento normal em todas as secretarias nesta quinta-feira e apenas o cumprimento de servi\u00e7os essenciais na segunda-feira. Na ter\u00e7a-feira, dia 2, feriado nacional, o expediente tamb\u00e9m ocorrer\u00e1 de forma especial.<\/p>\n<p style=\"text-align: justify;\">As reparti\u00e7\u00f5es p\u00fablicas estaduais e federais tamb\u00e9m funcionam normalmente nesta quinta-feira e estar\u00e3o fechadas na segunda e ter\u00e7a, entre elas GRE, Escolas, Ag\u00eancia do Trabalho, INSS, Ciretran e Postos do Detran.<\/p>\n<p>Por Helenivaldo Pereira.<\/p>\n","protected":false},"excerpt":{"rendered":"<p>A Secretaria de Administra\u00e7\u00e3o de Caruaru,\u00a0publicou portaria no Di\u00e1rio Oficial do Munic\u00edpio alterando a data do feriado do Dia do&hellip;<\/p>\n","protected":false},"author":1,"featured_media":76754,"comment_status":"open","ping_status":"open","sticky":false,"template":"","format":"standard","meta":{"footnotes":""},"categories":[14120],"tags":[2,19532,3406,23245,6],"class_list":["post-76753","post","type-post","status-publish","format-standard","has-post-thumbnail","hentry","category-noticias","tag-blog-do-edvaldo-magalhaes","tag-blog-mais-acessado-e-visualizado-de-caruaru-e-regiao","tag-caruaru","tag-dia-do-servidor-publico-e-transferido-para-1o-de-novembro-com-ponto-facultativo","tag-noticias"],"_links":{"self":[{"href":"https:\/\/blogdoedvaldomagalhaes.com.br\/index.php\/wp-json\/wp\/v2\/posts\/76753","targetHints":{"allow":["GET"]}}],"collection":[{"href":"https:\/\/blogdoedvaldomagalhaes.com.br\/index.php\/wp-json\/wp\/v2\/posts"}],"about":[{"href":"https:\/\/blogdoedvaldomagalhaes.com.br\/index.php\/wp-json\/wp\/v2\/types\/post"}],"author":[{"embeddable":true,"href":"https:\/\/blogdoedvaldomagalhaes.com.br\/index.php\/wp-json\/wp\/v2\/users\/1"}],"replies":[{"embeddable":true,"href":"https:\/\/blogdoedvaldomagalhaes.com.br\/index.php\/wp-json\/wp\/v2\/comments?post=76753"}],"version-history":[{"count":2,"href":"https:\/\/blogdoedvaldomagalhaes.com.br\/index.php\/wp-json\/wp\/v2\/posts\/76753\/revisions"}],"predecessor-version":[{"id":76757,"href":"https:\/\/blogdoedvaldomagalhaes.com.br\/index.php\/wp-json\/wp\/v2\/posts\/76753\/revisions\/76757"}],"wp:featuredmedia":[{"embeddable":true,"href":"https:\/\/blogdoedvaldomagalhaes.com.br\/index.php\/wp-json\/wp\/v2\/media\/76754"}],"wp:attachment":[{"href":"https:\/\/blogdoedvaldomagalhaes.com.br\/index.php\/wp-json\/wp\/v2\/media?parent=76753"}],"wp:term":[{"taxonomy":"category","embeddable":true,"href":"https:\/\/blogdoedvaldomagalhaes.com.br\/index.php\/wp-json\/wp\/v2\/categories?post=76753"},{"taxonomy":"post_tag","embeddable":true,"href":"https:\/\/blogdoedvaldomagalhaes.com.br\/index.php\/wp-json\/wp\/v2\/tags?post=76753"}],"curies":[{"name":"wp","href":"https:\/\/api.w.org\/{rel}","templated":true}]}}