{"id":76750,"date":"2021-10-28T11:51:34","date_gmt":"2021-10-28T14:51:34","guid":{"rendered":"https:\/\/blogdoedvaldomagalhaes.com.br\/?p=76750"},"modified":"2021-10-28T11:51:38","modified_gmt":"2021-10-28T14:51:38","slug":"1o-forum-municipal-de-turismo-de-caruaru-sera-realizado-quarta-feira-3","status":"publish","type":"post","link":"https:\/\/blogdoedvaldomagalhaes.com.br\/index.php\/2021\/10\/28\/1o-forum-municipal-de-turismo-de-caruaru-sera-realizado-quarta-feira-3\/","title":{"rendered":"1\u00ba F\u00f3rum Municipal de Turismo de Caruaru ser\u00e1 realizado quarta-feira (3)"},"content":{"rendered":"<p style=\"text-align: justify;\"><span style=\"font-size: inherit;\">A Secretaria de Desenvolvimento Econ\u00f4mico, Turismo e Economia Criativa (Sedetec), realiza o 1\u00ba F\u00f3rum Municipal de Turismo de Caruaru, na noite desta quarta-feira (03), no audit\u00f3rio da Acic. Com o tema \u201cA Sustentabilidade do Turismo na Capital do Forr\u00f3\u201d, o evento representa um marco na hist\u00f3ria da gest\u00e3o do setor da cidade ao apresentar, discutir e absorver, de forma in\u00e9dita, iniciativas que possibilitem o crescimento das atividades tur\u00edsticas, no \u00e2mbito local.<\/span><\/p>\n<p style=\"text-align: justify;\">Direcionado exclusivamente para o trade tur\u00edstico municipal, composto por donos de ag\u00eancias de viagem, receptivos, guias tur\u00edsticos, propriet\u00e1rios de hot\u00e9is e pousadas, dentre outros atuantes, o F\u00f3rum ter\u00e1 na programa\u00e7\u00e3o as apresenta\u00e7\u00f5es dos projetos municipais conveniados com o Minist\u00e9rio do Turismo, bem como da marca #Visite Caruaru e do novo site tur\u00edstico, al\u00e9m do lan\u00e7amento da consulta p\u00fablica para fundamentar o Plano Municipal de Turismo de Caruaru e da divulga\u00e7\u00e3o pela Acic, do \u201cConvention &amp; Visitors Bureau\u201d.<\/p>\n<p style=\"text-align: justify;\">Conforme ressaltou o secret\u00e1rio da Sedetec, Andr\u00e9 Teixeira Filho, o evento vem a ser realizado num per\u00edodo interessante de retomada econ\u00f4mica nacional. \u201cTradicionalmente, Caruaru \u00e9 um dos destinos mais procurados do Estado por visitantes, tanto nacionais como internacionais. Possui um potencial enorme em rela\u00e7\u00e3o a atrativos tur\u00edsticos e com o retorno das atividades do setor, ap\u00f3s o avan\u00e7o da vacina\u00e7\u00e3o contra a Covid-19, a expectativa \u00e9 de avan\u00e7armos ainda mais neste sentido. Pelo menos 53 tipos de neg\u00f3cios s\u00e3o impulsionados com a pr\u00e1tica do turismo na nossa cidade e este F\u00f3rum chega justamente para fortalec\u00ea-los\u201d, disse.<\/p>\n<p style=\"text-align: justify;\">Durante o evento, os convidados ainda ter\u00e3o oportunidade de comentar, debater e sugerir sobre propostas voltadas para o segmento. Tal momento, assim como as demais atividades, ser\u00e1 importante para a posterior constru\u00e7\u00e3o do Plano Municipal de Turismo de Caruaru. Este \u00faltimo tamb\u00e9m contar\u00e1 com a contribui\u00e7\u00e3o da consulta p\u00fablica, que consiste numa ferramenta on-line, onde os caruaruenses poder\u00e3o escolher prioridades a serem seguidas pela PMC, a fim de impulsionar as atividades tur\u00edsticas da Capital do Agreste.<\/p>\n<p style=\"text-align: justify;\">\u201cEm paralelo \u00e0 realiza\u00e7\u00e3o do F\u00f3rum, por meio desta consulta, os caruaruenses poder\u00e3o optar e sugerir conte\u00fados, que contribuir\u00e3o para o desenvolvimento do nosso Plano de Turismo. Caruaru possui voca\u00e7\u00e3o em diversos segmentos tur\u00edsticos e, sabedor disso, o governo de Raquel Lyra vem se articulando bastante para impulsion\u00e1-lo ainda mais\u201d, acrescentou o secret\u00e1rio Andr\u00e9 Teixeira, que tamb\u00e9m \u00e9 presidente do Conselho Municipal de Turismo de Caruaru (Comturc).<\/p>\n<p style=\"text-align: justify;\">O 1\u00ba F\u00f3rum Municipal de Turismo de Caruaru tem o apoio da Acic.<\/p>\n","protected":false},"excerpt":{"rendered":"<p>A Secretaria de Desenvolvimento Econ\u00f4mico, Turismo e Economia Criativa (Sedetec), realiza o 1\u00ba F\u00f3rum Municipal de Turismo de Caruaru, na&hellip;<\/p>\n","protected":false},"author":1,"featured_media":76751,"comment_status":"open","ping_status":"open","sticky":false,"template":"","format":"standard","meta":{"footnotes":""},"categories":[14120],"tags":[23244,2,19532,3406,6],"class_list":["post-76750","post","type-post","status-publish","format-standard","has-post-thumbnail","hentry","category-noticias","tag-1o-forum-municipal-de-turismo-de-caruaru-sera-realizado-quarta-feira-3","tag-blog-do-edvaldo-magalhaes","tag-blog-mais-acessado-e-visualizado-de-caruaru-e-regiao","tag-caruaru","tag-noticias"],"_links":{"self":[{"href":"https:\/\/blogdoedvaldomagalhaes.com.br\/index.php\/wp-json\/wp\/v2\/posts\/76750","targetHints":{"allow":["GET"]}}],"collection":[{"href":"https:\/\/blogdoedvaldomagalhaes.com.br\/index.php\/wp-json\/wp\/v2\/posts"}],"about":[{"href":"https:\/\/blogdoedvaldomagalhaes.com.br\/index.php\/wp-json\/wp\/v2\/types\/post"}],"author":[{"embeddable":true,"href":"https:\/\/blogdoedvaldomagalhaes.com.br\/index.php\/wp-json\/wp\/v2\/users\/1"}],"replies":[{"embeddable":true,"href":"https:\/\/blogdoedvaldomagalhaes.com.br\/index.php\/wp-json\/wp\/v2\/comments?post=76750"}],"version-history":[{"count":1,"href":"https:\/\/blogdoedvaldomagalhaes.com.br\/index.php\/wp-json\/wp\/v2\/posts\/76750\/revisions"}],"predecessor-version":[{"id":76752,"href":"https:\/\/blogdoedvaldomagalhaes.com.br\/index.php\/wp-json\/wp\/v2\/posts\/76750\/revisions\/76752"}],"wp:featuredmedia":[{"embeddable":true,"href":"https:\/\/blogdoedvaldomagalhaes.com.br\/index.php\/wp-json\/wp\/v2\/media\/76751"}],"wp:attachment":[{"href":"https:\/\/blogdoedvaldomagalhaes.com.br\/index.php\/wp-json\/wp\/v2\/media?parent=76750"}],"wp:term":[{"taxonomy":"category","embeddable":true,"href":"https:\/\/blogdoedvaldomagalhaes.com.br\/index.php\/wp-json\/wp\/v2\/categories?post=76750"},{"taxonomy":"post_tag","embeddable":true,"href":"https:\/\/blogdoedvaldomagalhaes.com.br\/index.php\/wp-json\/wp\/v2\/tags?post=76750"}],"curies":[{"name":"wp","href":"https:\/\/api.w.org\/{rel}","templated":true}]}}