{"id":76746,"date":"2021-10-28T10:59:26","date_gmt":"2021-10-28T13:59:26","guid":{"rendered":"https:\/\/blogdoedvaldomagalhaes.com.br\/?p=76746"},"modified":"2021-10-28T10:59:27","modified_gmt":"2021-10-28T13:59:27","slug":"limpeza-do-parque-sao-francisco-em-caruaru-e-realizada-por-maos-de-cumpridores-de-penas-alternativas","status":"publish","type":"post","link":"https:\/\/blogdoedvaldomagalhaes.com.br\/index.php\/2021\/10\/28\/limpeza-do-parque-sao-francisco-em-caruaru-e-realizada-por-maos-de-cumpridores-de-penas-alternativas\/","title":{"rendered":"Limpeza do Parque S\u00e3o Francisco, em Caruaru, \u00e9 realizada por m\u00e3os de cumpridores de penas alternativas"},"content":{"rendered":"<p style=\"text-align: justify;\"><span style=\"font-size: inherit;\">O Parque S\u00e3o Francisco, em Caruaru, \u00e9 uma das 92 institui\u00e7\u00f5es parceiras da Ger\u00eancia de Penas Alternativas e Integra\u00e7\u00e3o Social (Gepais), \u00f3rg\u00e3o da Secretaria de Justi\u00e7a e Direitos Humanos (SJDH), para recebimento de cumpridores. O espa\u00e7o, junto a mais tr\u00eas \u00e1reas de lazer da cidade, s\u00e3o as que mais acolhem esse p\u00fablico, formado por pessoas que cometeram pequenos delitos e receberam a pena de presta\u00e7\u00e3o de servi\u00e7os \u00e0 comunidade.<\/span><\/p>\n<p style=\"text-align: justify;\">No parque, um grupo de oito pessoas cuida da limpeza e conserva\u00e7\u00e3o do local, recolhendo cerca de 10 sacos grandes de lixo diariamente. Durante a semana s\u00e3o cerca de 100 visitantes, e aos s\u00e1bados e domingos 300.<\/p>\n<p style=\"text-align: justify;\">\u201c\u00c9 muito importante essa parceria com institui\u00e7\u00f5es que tenham compromisso com o acolhimento, pois elas n\u00e3o s\u00f3 viabilizam o cumprimento da pena alternativa, mas permite que a reflex\u00e3o sobre a conduta praticada desperte no cumpridor o senso de responsabiliza\u00e7\u00e3o, refletida muitas vezes no ato de solidariedade\u201d, explica o secret\u00e1rio de Justi\u00e7a e Direitos Humanos, Pedro Eurico.<\/p>\n<p style=\"text-align: justify;\">O equipamento conta com pistas de cooper, playground, equipamentos para gin\u00e1stica, lago e bancos naturais de algarobas, \u00e1rvores tombadas por antigas cheias e ainda vivas, e muita \u00e1rea verde. Todos os ambientes recebem a aten\u00e7\u00e3o dos cumpridores, que trabalham em dias alternados.<\/p>\n<p style=\"text-align: justify;\">\u201cTenho convivido com eles aqui no parque e acho que a pena alternativa d\u00e1 uma grande chance deles voltarem a sociedade, ao inv\u00e9s de estarem na pris\u00e3o. Eles est\u00e3o sendo restitu\u00eddos \u00e0 sociedade\u201d, destaca Ronaldo Lima, gestor do parque.<\/p>\n\n\n<figure class=\"wp-block-image size-large\"><img loading=\"lazy\" decoding=\"async\" width=\"1024\" height=\"576\" src=\"https:\/\/blogdoedvaldomagalhaes.com.br\/wp-content\/uploads\/2021\/10\/IMG-20211028-WA0096-1024x576.jpg\" alt=\"\" class=\"wp-image-76748\" srcset=\"https:\/\/blogdoedvaldomagalhaes.com.br\/wp-content\/uploads\/2021\/10\/IMG-20211028-WA0096-1024x576.jpg 1024w, https:\/\/blogdoedvaldomagalhaes.com.br\/wp-content\/uploads\/2021\/10\/IMG-20211028-WA0096-300x169.jpg 300w, https:\/\/blogdoedvaldomagalhaes.com.br\/wp-content\/uploads\/2021\/10\/IMG-20211028-WA0096-768x432.jpg 768w, https:\/\/blogdoedvaldomagalhaes.com.br\/wp-content\/uploads\/2021\/10\/IMG-20211028-WA0096-1140x641.jpg 1140w, https:\/\/blogdoedvaldomagalhaes.com.br\/wp-content\/uploads\/2021\/10\/IMG-20211028-WA0096-720x405.jpg 720w, https:\/\/blogdoedvaldomagalhaes.com.br\/wp-content\/uploads\/2021\/10\/IMG-20211028-WA0096.jpg 1280w\" sizes=\"auto, (max-width: 1024px) 100vw, 1024px\" \/><figcaption>Fotos: Divulga\u00e7\u00e3o<\/figcaption><\/figure>\n","protected":false},"excerpt":{"rendered":"<p>O Parque S\u00e3o Francisco, em Caruaru, \u00e9 uma das 92 institui\u00e7\u00f5es parceiras da Ger\u00eancia de Penas Alternativas e Integra\u00e7\u00e3o Social&hellip;<\/p>\n","protected":false},"author":1,"featured_media":76747,"comment_status":"open","ping_status":"open","sticky":false,"template":"","format":"standard","meta":{"footnotes":""},"categories":[14120],"tags":[2,19532,3406,23243,6],"class_list":["post-76746","post","type-post","status-publish","format-standard","has-post-thumbnail","hentry","category-noticias","tag-blog-do-edvaldo-magalhaes","tag-blog-mais-acessado-e-visualizado-de-caruaru-e-regiao","tag-caruaru","tag-limpeza-do-parque-sao-francisco-em-caruaru-e-realizada-por-maos-de-cumpridores-de-penas-alternativas","tag-noticias"],"_links":{"self":[{"href":"https:\/\/blogdoedvaldomagalhaes.com.br\/index.php\/wp-json\/wp\/v2\/posts\/76746","targetHints":{"allow":["GET"]}}],"collection":[{"href":"https:\/\/blogdoedvaldomagalhaes.com.br\/index.php\/wp-json\/wp\/v2\/posts"}],"about":[{"href":"https:\/\/blogdoedvaldomagalhaes.com.br\/index.php\/wp-json\/wp\/v2\/types\/post"}],"author":[{"embeddable":true,"href":"https:\/\/blogdoedvaldomagalhaes.com.br\/index.php\/wp-json\/wp\/v2\/users\/1"}],"replies":[{"embeddable":true,"href":"https:\/\/blogdoedvaldomagalhaes.com.br\/index.php\/wp-json\/wp\/v2\/comments?post=76746"}],"version-history":[{"count":1,"href":"https:\/\/blogdoedvaldomagalhaes.com.br\/index.php\/wp-json\/wp\/v2\/posts\/76746\/revisions"}],"predecessor-version":[{"id":76749,"href":"https:\/\/blogdoedvaldomagalhaes.com.br\/index.php\/wp-json\/wp\/v2\/posts\/76746\/revisions\/76749"}],"wp:featuredmedia":[{"embeddable":true,"href":"https:\/\/blogdoedvaldomagalhaes.com.br\/index.php\/wp-json\/wp\/v2\/media\/76747"}],"wp:attachment":[{"href":"https:\/\/blogdoedvaldomagalhaes.com.br\/index.php\/wp-json\/wp\/v2\/media?parent=76746"}],"wp:term":[{"taxonomy":"category","embeddable":true,"href":"https:\/\/blogdoedvaldomagalhaes.com.br\/index.php\/wp-json\/wp\/v2\/categories?post=76746"},{"taxonomy":"post_tag","embeddable":true,"href":"https:\/\/blogdoedvaldomagalhaes.com.br\/index.php\/wp-json\/wp\/v2\/tags?post=76746"}],"curies":[{"name":"wp","href":"https:\/\/api.w.org\/{rel}","templated":true}]}}