{"id":76739,"date":"2021-10-27T20:59:11","date_gmt":"2021-10-27T23:59:11","guid":{"rendered":"https:\/\/blogdoedvaldomagalhaes.com.br\/?p=76739"},"modified":"2021-10-27T20:59:12","modified_gmt":"2021-10-27T23:59:12","slug":"caruaru-ocupa-3a-posicao-entre-os-municipios-que-mais-contrataram-em-pe","status":"publish","type":"post","link":"https:\/\/blogdoedvaldomagalhaes.com.br\/index.php\/2021\/10\/27\/caruaru-ocupa-3a-posicao-entre-os-municipios-que-mais-contrataram-em-pe\/","title":{"rendered":"Caruaru ocupa 3\u00aa posi\u00e7\u00e3o entre os munic\u00edpios que mais contrataram em PE"},"content":{"rendered":"<p style=\"text-align: justify;\"><span style=\"font-size: inherit;\">A Secretaria de Desenvolvimento Econ\u00f4mico, Turismo e Economia Criativa (Sedetec), destaca o saldo positivo alcan\u00e7ado pela Capital do Agreste, no que se refere \u00e0 cria\u00e7\u00e3o de postos de trabalho formais, no acumulado do ano e dos \u00faltimos 12 meses. De acordo com os dados do Cadastro Geral de Empregados e Desempregados (Caged), que foram divulgados nesta ter\u00e7a-feira (26), a cidade ocupa a terceira posi\u00e7\u00e3o entre os munic\u00edpios que mais contrataram em Pernambuco, nos dois intervalos.<\/span><\/p>\n<p style=\"text-align: justify;\">A soma referente ao primeiro per\u00edodo, que equivale \u00e0 compara\u00e7\u00e3o entre profissionais contratados e demitidos, correspondeu a +4.017. No que diz respeito \u00e0 segunda, +6.369. J\u00e1 em rela\u00e7\u00e3o ao \u00faltimo m\u00eas de setembro, Caruaru contabilizou +816 empregos, com destaque para o setor da constru\u00e7\u00e3o civil, que acumulou +293 postos de trabalho, seguido pelo com\u00e9rcio, com +196; a ind\u00fastria, com +170, e o de servi\u00e7os, que obteve uma soma positiva de +170.<\/p>\n<p style=\"text-align: justify;\">Tais desempenhos da Capital do Agreste foram comemorados pelo secret\u00e1rio da Sedetec, Andr\u00e9 Teixeira Filho. \u201cA vacina\u00e7\u00e3o est\u00e1 avan\u00e7ando na cidade e em todo o pa\u00eds e, aos poucos, as atividades financeiras v\u00eam retomando o seu curso normal. Caruaru \u00e9 uma cidade polo, refer\u00eancia em todo o Estado por suas potencialidades econ\u00f4micas, e essa gera\u00e7\u00e3o positiva de empregos formais \u00e9 mais um reflexo do que o munic\u00edpio \u00e9 capaz. A expectativa \u00e9 a melhor poss\u00edvel em rela\u00e7\u00e3o \u00e0 cria\u00e7\u00e3o de postos de trabalho neste \u00faltimo bimestre.\u201d<\/p>\n\n\n<figure class=\"wp-block-image size-large\"><img loading=\"lazy\" decoding=\"async\" width=\"680\" height=\"1024\" src=\"https:\/\/blogdoedvaldomagalhaes.com.br\/wp-content\/uploads\/2021\/10\/IMG-20211027-WA0120-680x1024.jpg\" alt=\"\" class=\"wp-image-76741\" srcset=\"https:\/\/blogdoedvaldomagalhaes.com.br\/wp-content\/uploads\/2021\/10\/IMG-20211027-WA0120-680x1024.jpg 680w, https:\/\/blogdoedvaldomagalhaes.com.br\/wp-content\/uploads\/2021\/10\/IMG-20211027-WA0120-199x300.jpg 199w, https:\/\/blogdoedvaldomagalhaes.com.br\/wp-content\/uploads\/2021\/10\/IMG-20211027-WA0120-768x1157.jpg 768w, https:\/\/blogdoedvaldomagalhaes.com.br\/wp-content\/uploads\/2021\/10\/IMG-20211027-WA0120.jpg 850w\" sizes=\"auto, (max-width: 680px) 100vw, 680px\" \/><figcaption>Fotos de Caruaru: Jana\u00edna Pepeu<\/figcaption><\/figure>\n","protected":false},"excerpt":{"rendered":"<p>A Secretaria de Desenvolvimento Econ\u00f4mico, Turismo e Economia Criativa (Sedetec), destaca o saldo positivo alcan\u00e7ado pela Capital do Agreste, no&hellip;<\/p>\n","protected":false},"author":1,"featured_media":76740,"comment_status":"open","ping_status":"open","sticky":false,"template":"","format":"standard","meta":{"footnotes":""},"categories":[14120],"tags":[2,19532,3406,23241,2252],"class_list":["post-76739","post","type-post","status-publish","format-standard","has-post-thumbnail","hentry","category-noticias","tag-blog-do-edvaldo-magalhaes","tag-blog-mais-acessado-e-visualizado-de-caruaru-e-regiao","tag-caruaru","tag-caruaru-ocupa-3a-posicao-entre-os-municipios-que-mais-contrataram-em-pe","tag-noticia"],"_links":{"self":[{"href":"https:\/\/blogdoedvaldomagalhaes.com.br\/index.php\/wp-json\/wp\/v2\/posts\/76739","targetHints":{"allow":["GET"]}}],"collection":[{"href":"https:\/\/blogdoedvaldomagalhaes.com.br\/index.php\/wp-json\/wp\/v2\/posts"}],"about":[{"href":"https:\/\/blogdoedvaldomagalhaes.com.br\/index.php\/wp-json\/wp\/v2\/types\/post"}],"author":[{"embeddable":true,"href":"https:\/\/blogdoedvaldomagalhaes.com.br\/index.php\/wp-json\/wp\/v2\/users\/1"}],"replies":[{"embeddable":true,"href":"https:\/\/blogdoedvaldomagalhaes.com.br\/index.php\/wp-json\/wp\/v2\/comments?post=76739"}],"version-history":[{"count":1,"href":"https:\/\/blogdoedvaldomagalhaes.com.br\/index.php\/wp-json\/wp\/v2\/posts\/76739\/revisions"}],"predecessor-version":[{"id":76742,"href":"https:\/\/blogdoedvaldomagalhaes.com.br\/index.php\/wp-json\/wp\/v2\/posts\/76739\/revisions\/76742"}],"wp:featuredmedia":[{"embeddable":true,"href":"https:\/\/blogdoedvaldomagalhaes.com.br\/index.php\/wp-json\/wp\/v2\/media\/76740"}],"wp:attachment":[{"href":"https:\/\/blogdoedvaldomagalhaes.com.br\/index.php\/wp-json\/wp\/v2\/media?parent=76739"}],"wp:term":[{"taxonomy":"category","embeddable":true,"href":"https:\/\/blogdoedvaldomagalhaes.com.br\/index.php\/wp-json\/wp\/v2\/categories?post=76739"},{"taxonomy":"post_tag","embeddable":true,"href":"https:\/\/blogdoedvaldomagalhaes.com.br\/index.php\/wp-json\/wp\/v2\/tags?post=76739"}],"curies":[{"name":"wp","href":"https:\/\/api.w.org\/{rel}","templated":true}]}}