{"id":76736,"date":"2021-10-27T20:38:44","date_gmt":"2021-10-27T23:38:44","guid":{"rendered":"https:\/\/blogdoedvaldomagalhaes.com.br\/?p=76736"},"modified":"2021-10-27T20:38:45","modified_gmt":"2021-10-27T23:38:45","slug":"governo-de-pernambuco-injetara-mais-de-r-3-bilhoes-na-economia-com-salarios-de-servidores","status":"publish","type":"post","link":"https:\/\/blogdoedvaldomagalhaes.com.br\/index.php\/2021\/10\/27\/governo-de-pernambuco-injetara-mais-de-r-3-bilhoes-na-economia-com-salarios-de-servidores\/","title":{"rendered":"Governo de Pernambuco injetar\u00e1 mais de R$ 3 bilh\u00f5es na economia com sal\u00e1rios de servidores"},"content":{"rendered":"<p style=\"text-align: justify;\">O governador Paulo C\u00e2mara anunciou, nesta quarta-feira (27.10), v\u00e9spera do Dia do Servidor, o calend\u00e1rio de pagamento dos pr\u00f3ximos meses e do 13\u00b0 sal\u00e1rio de todo o funcionalismo, que ser\u00e1 depositado no dia 13 de dezembro.\u00a0 A folha do m\u00eas que vem ser\u00e1 paga no dia 30 de novembro e a de dezembro, no dia 30 daquele m\u00eas. A medida representar\u00e1 uma inje\u00e7\u00e3o de mais de R$ 3,3 bilh\u00f5es na economia pernambucana em 30 dias, somando os pagamentos dos meses de novembro, dezembro e mais o 13\u00b0 sal\u00e1rio.<\/p>\n<p style=\"text-align: justify;\">Paulo C\u00e2mara j\u00e1 havia anunciado a antecipa\u00e7\u00e3o do pagamento da folha deste m\u00eas de outubro, que acontece nesta quinta, dia 28. \u201cQuero dar os parab\u00e9ns a todos os servidores e agradecer a dedica\u00e7\u00e3o e o profissionalismo de cada um, em tempos t\u00e3o desafiadores como estes que estamos vivendo. Muito me orgulha ser servidor p\u00fablico h\u00e1 28 anos e contribuir para o avan\u00e7o do nosso Estado e a melhoria do atendimento \u00e0 popula\u00e7\u00e3o\u201d, disse o governador, em pronunciamento.<\/p>\n","protected":false},"excerpt":{"rendered":"<p>O governador Paulo C\u00e2mara anunciou, nesta quarta-feira (27.10), v\u00e9spera do Dia do Servidor, o calend\u00e1rio de pagamento dos pr\u00f3ximos meses&hellip;<\/p>\n","protected":false},"author":1,"featured_media":76737,"comment_status":"open","ping_status":"open","sticky":false,"template":"","format":"standard","meta":{"footnotes":""},"categories":[14122],"tags":[2,19532,3406,23240,6],"class_list":["post-76736","post","type-post","status-publish","format-standard","has-post-thumbnail","hentry","category-politica","tag-blog-do-edvaldo-magalhaes","tag-blog-mais-acessado-e-visualizado-de-caruaru-e-regiao","tag-caruaru","tag-governo-de-pernambuco-injetara-mais-de-r-3-bilhoes-na-economia-com-salarios-de-servidores","tag-noticias"],"_links":{"self":[{"href":"https:\/\/blogdoedvaldomagalhaes.com.br\/index.php\/wp-json\/wp\/v2\/posts\/76736","targetHints":{"allow":["GET"]}}],"collection":[{"href":"https:\/\/blogdoedvaldomagalhaes.com.br\/index.php\/wp-json\/wp\/v2\/posts"}],"about":[{"href":"https:\/\/blogdoedvaldomagalhaes.com.br\/index.php\/wp-json\/wp\/v2\/types\/post"}],"author":[{"embeddable":true,"href":"https:\/\/blogdoedvaldomagalhaes.com.br\/index.php\/wp-json\/wp\/v2\/users\/1"}],"replies":[{"embeddable":true,"href":"https:\/\/blogdoedvaldomagalhaes.com.br\/index.php\/wp-json\/wp\/v2\/comments?post=76736"}],"version-history":[{"count":1,"href":"https:\/\/blogdoedvaldomagalhaes.com.br\/index.php\/wp-json\/wp\/v2\/posts\/76736\/revisions"}],"predecessor-version":[{"id":76738,"href":"https:\/\/blogdoedvaldomagalhaes.com.br\/index.php\/wp-json\/wp\/v2\/posts\/76736\/revisions\/76738"}],"wp:featuredmedia":[{"embeddable":true,"href":"https:\/\/blogdoedvaldomagalhaes.com.br\/index.php\/wp-json\/wp\/v2\/media\/76737"}],"wp:attachment":[{"href":"https:\/\/blogdoedvaldomagalhaes.com.br\/index.php\/wp-json\/wp\/v2\/media?parent=76736"}],"wp:term":[{"taxonomy":"category","embeddable":true,"href":"https:\/\/blogdoedvaldomagalhaes.com.br\/index.php\/wp-json\/wp\/v2\/categories?post=76736"},{"taxonomy":"post_tag","embeddable":true,"href":"https:\/\/blogdoedvaldomagalhaes.com.br\/index.php\/wp-json\/wp\/v2\/tags?post=76736"}],"curies":[{"name":"wp","href":"https:\/\/api.w.org\/{rel}","templated":true}]}}