{"id":76733,"date":"2021-10-27T20:33:49","date_gmt":"2021-10-27T23:33:49","guid":{"rendered":"https:\/\/blogdoedvaldomagalhaes.com.br\/?p=76733"},"modified":"2021-10-27T20:33:50","modified_gmt":"2021-10-27T23:33:50","slug":"fiscalizacao-da-prf-retem-caminhoes-com-50-toneladas-de-excesso-de-peso-em-caruaru","status":"publish","type":"post","link":"https:\/\/blogdoedvaldomagalhaes.com.br\/index.php\/2021\/10\/27\/fiscalizacao-da-prf-retem-caminhoes-com-50-toneladas-de-excesso-de-peso-em-caruaru\/","title":{"rendered":"Fiscaliza\u00e7\u00e3o da PRF ret\u00e9m caminh\u00f5es com 50 toneladas de excesso de peso em Caruaru"},"content":{"rendered":"<p style=\"text-align: justify;\">Uma fiscaliza\u00e7\u00e3o realizada nesta quarta-feira (27) resultou na reten\u00e7\u00e3o de tr\u00eas caminh\u00f5es que transportavam 50 toneladas de excesso de peso, na BR-104, em Caruaru,\u00a0Agreste de Pernambuco. A iniciativa da Pol\u00edcia Rodovi\u00e1ria Federal (PRF) busca prevenir acidentes e est\u00e1 inserida nas a\u00e7\u00f5es de seguran\u00e7a vi\u00e1ria implementadas pelo \u00f3rg\u00e3o no Estado.<\/p>\n<p style=\"text-align: justify;\">Os flagrantes foram realizados pelo Grupo de Fiscaliza\u00e7\u00e3o de Tr\u00e2nsito e Transporte da PRF, no Km 57 da rodovia. Dois caminh\u00f5es que transportavam calc\u00e1rio com 29 toneladas de excesso de peso haviam sa\u00eddo de Vertente do L\u00e9rio em dire\u00e7\u00e3o a S\u00e3o Lu\u00eds do Quitunde, em Alagoas.<\/p>\n<p style=\"text-align: justify;\">O outro ve\u00edculo de carga transportava milho com 21 toneladas de peso acima do permitido e havia sa\u00eddo de Lu\u00eds Eduardo Magalh\u00e3es, na Bahia, com destino a Bonito. A equipe encaminhou os caminh\u00f5es ao p\u00e1tio para realizar a transfer\u00eancia da mercadoria para outros ve\u00edculos e emitiu autua\u00e7\u00f5es pelas irregularidades.<\/p>\n","protected":false},"excerpt":{"rendered":"<p>Uma fiscaliza\u00e7\u00e3o realizada nesta quarta-feira (27) resultou na reten\u00e7\u00e3o de tr\u00eas caminh\u00f5es que transportavam 50 toneladas de excesso de peso,&hellip;<\/p>\n","protected":false},"author":1,"featured_media":76734,"comment_status":"open","ping_status":"open","sticky":false,"template":"","format":"standard","meta":{"footnotes":""},"categories":[14121],"tags":[2,19532,3406,23239,6],"class_list":["post-76733","post","type-post","status-publish","format-standard","has-post-thumbnail","hentry","category-policial","tag-blog-do-edvaldo-magalhaes","tag-blog-mais-acessado-e-visualizado-de-caruaru-e-regiao","tag-caruaru","tag-fiscalizacao-da-prf-retem-caminhoes-com-50-toneladas-de-excesso-de-peso-em-caruaru","tag-noticias"],"_links":{"self":[{"href":"https:\/\/blogdoedvaldomagalhaes.com.br\/index.php\/wp-json\/wp\/v2\/posts\/76733","targetHints":{"allow":["GET"]}}],"collection":[{"href":"https:\/\/blogdoedvaldomagalhaes.com.br\/index.php\/wp-json\/wp\/v2\/posts"}],"about":[{"href":"https:\/\/blogdoedvaldomagalhaes.com.br\/index.php\/wp-json\/wp\/v2\/types\/post"}],"author":[{"embeddable":true,"href":"https:\/\/blogdoedvaldomagalhaes.com.br\/index.php\/wp-json\/wp\/v2\/users\/1"}],"replies":[{"embeddable":true,"href":"https:\/\/blogdoedvaldomagalhaes.com.br\/index.php\/wp-json\/wp\/v2\/comments?post=76733"}],"version-history":[{"count":1,"href":"https:\/\/blogdoedvaldomagalhaes.com.br\/index.php\/wp-json\/wp\/v2\/posts\/76733\/revisions"}],"predecessor-version":[{"id":76735,"href":"https:\/\/blogdoedvaldomagalhaes.com.br\/index.php\/wp-json\/wp\/v2\/posts\/76733\/revisions\/76735"}],"wp:featuredmedia":[{"embeddable":true,"href":"https:\/\/blogdoedvaldomagalhaes.com.br\/index.php\/wp-json\/wp\/v2\/media\/76734"}],"wp:attachment":[{"href":"https:\/\/blogdoedvaldomagalhaes.com.br\/index.php\/wp-json\/wp\/v2\/media?parent=76733"}],"wp:term":[{"taxonomy":"category","embeddable":true,"href":"https:\/\/blogdoedvaldomagalhaes.com.br\/index.php\/wp-json\/wp\/v2\/categories?post=76733"},{"taxonomy":"post_tag","embeddable":true,"href":"https:\/\/blogdoedvaldomagalhaes.com.br\/index.php\/wp-json\/wp\/v2\/tags?post=76733"}],"curies":[{"name":"wp","href":"https:\/\/api.w.org\/{rel}","templated":true}]}}