{"id":76728,"date":"2021-10-27T20:15:41","date_gmt":"2021-10-27T23:15:41","guid":{"rendered":"https:\/\/blogdoedvaldomagalhaes.com.br\/?p=76728"},"modified":"2021-10-27T20:26:52","modified_gmt":"2021-10-27T23:26:52","slug":"final-do-concurso-de-miss-e-mister-caruaru-sera-aberta-ao-publico","status":"publish","type":"post","link":"https:\/\/blogdoedvaldomagalhaes.com.br\/index.php\/2021\/10\/27\/final-do-concurso-de-miss-e-mister-caruaru-sera-aberta-ao-publico\/","title":{"rendered":"Final do concurso de Miss e Mister Caruaru ser\u00e1 aberta ao p\u00fablico"},"content":{"rendered":"<p style=\"text-align: justify;\"><span style=\"font-size: inherit;\">A final do concurso de Miss e Mister Caruaru 2022 ser\u00e1 realizada no dia 05 de novembro, \u00e0s 18h, no Centro de Conven\u00e7\u00f5es. Quem tiver interesse em acompanhar de perto o evento que vai selecionar os representantes da beleza feminina e masculina de Caruaru ter\u00e1 essa oportunidade, pois o evento ser\u00e1 aberto ao p\u00fablico.<\/span><\/p>\n<p style=\"text-align: justify;\">Para participar, basta adquirir o ingresso, que est\u00e1 sendo vendido na \u00d3tica Use My Bags, localizada na Rua Gon\u00e7alves Dias, n\u00ba 147 e 212, Maur\u00edcio de Nassau. E para ter acesso a \u00e1rea do evento no dia, ser\u00e1 preciso apresentar cart\u00e3o de vacina\u00e7\u00e3o da Covid-19.<\/p>\n<p style=\"text-align: justify;\">Esta ser\u00e1 a 56\u00aa edi\u00e7\u00e3o do concurso de Miss e a 12\u00aa edi\u00e7\u00e3o do concurso de Mister realizado em Caruaru. Ser\u00e1 a primeira vez que as edi\u00e7\u00f5es feminina e masculina ocorrer\u00e3o juntas.<\/p>\n<p style=\"text-align: justify;\">O certame conta com a participa\u00e7\u00e3o de garotas e rapazes que representam diversos bairros da cidade e zona rural. Os finalistas foram escolhidos em seletiva realizada no dia 17 de outubro deste ano.<\/p>\n<p style=\"text-align: justify;\">Ingressos dispon\u00edveis para venda:<br \/>Valor promocional 1\u00ba lote: R$ 25,00<br \/>Ponto de venda: \u00d3tica Use My Bags (Rua Gon\u00e7alves Dias, n\u00ba 147 e 212, Maur\u00edcio de Nassau).<\/p>\n<p style=\"text-align: justify;\">Fotos candidatas e candidatos: Rafael Aroeira.<\/p>\n\n\n<figure class=\"wp-block-image size-large\"><img loading=\"lazy\" decoding=\"async\" width=\"1024\" height=\"682\" src=\"https:\/\/blogdoedvaldomagalhaes.com.br\/wp-content\/uploads\/2021\/10\/IMG-20211027-WA0212-1024x682.jpg\" alt=\"\" class=\"wp-image-76730\" srcset=\"https:\/\/blogdoedvaldomagalhaes.com.br\/wp-content\/uploads\/2021\/10\/IMG-20211027-WA0212-1024x682.jpg 1024w, https:\/\/blogdoedvaldomagalhaes.com.br\/wp-content\/uploads\/2021\/10\/IMG-20211027-WA0212-300x200.jpg 300w, https:\/\/blogdoedvaldomagalhaes.com.br\/wp-content\/uploads\/2021\/10\/IMG-20211027-WA0212-768x512.jpg 768w, https:\/\/blogdoedvaldomagalhaes.com.br\/wp-content\/uploads\/2021\/10\/IMG-20211027-WA0212-1536x1023.jpg 1536w, https:\/\/blogdoedvaldomagalhaes.com.br\/wp-content\/uploads\/2021\/10\/IMG-20211027-WA0212.jpg 1600w\" sizes=\"auto, (max-width: 1024px) 100vw, 1024px\" \/><\/figure>\n","protected":false},"excerpt":{"rendered":"<p>A final do concurso de Miss e Mister Caruaru 2022 ser\u00e1 realizada no dia 05 de novembro, \u00e0s 18h, no&hellip;<\/p>\n","protected":false},"author":1,"featured_media":76729,"comment_status":"open","ping_status":"open","sticky":false,"template":"","format":"standard","meta":{"footnotes":""},"categories":[14120],"tags":[2,19532,3406,23238,6],"class_list":["post-76728","post","type-post","status-publish","format-standard","has-post-thumbnail","hentry","category-noticias","tag-blog-do-edvaldo-magalhaes","tag-blog-mais-acessado-e-visualizado-de-caruaru-e-regiao","tag-caruaru","tag-final-do-concurso-de-miss-e-mister-caruaru-sera-aberta-ao-publico","tag-noticias"],"_links":{"self":[{"href":"https:\/\/blogdoedvaldomagalhaes.com.br\/index.php\/wp-json\/wp\/v2\/posts\/76728","targetHints":{"allow":["GET"]}}],"collection":[{"href":"https:\/\/blogdoedvaldomagalhaes.com.br\/index.php\/wp-json\/wp\/v2\/posts"}],"about":[{"href":"https:\/\/blogdoedvaldomagalhaes.com.br\/index.php\/wp-json\/wp\/v2\/types\/post"}],"author":[{"embeddable":true,"href":"https:\/\/blogdoedvaldomagalhaes.com.br\/index.php\/wp-json\/wp\/v2\/users\/1"}],"replies":[{"embeddable":true,"href":"https:\/\/blogdoedvaldomagalhaes.com.br\/index.php\/wp-json\/wp\/v2\/comments?post=76728"}],"version-history":[{"count":2,"href":"https:\/\/blogdoedvaldomagalhaes.com.br\/index.php\/wp-json\/wp\/v2\/posts\/76728\/revisions"}],"predecessor-version":[{"id":76732,"href":"https:\/\/blogdoedvaldomagalhaes.com.br\/index.php\/wp-json\/wp\/v2\/posts\/76728\/revisions\/76732"}],"wp:featuredmedia":[{"embeddable":true,"href":"https:\/\/blogdoedvaldomagalhaes.com.br\/index.php\/wp-json\/wp\/v2\/media\/76729"}],"wp:attachment":[{"href":"https:\/\/blogdoedvaldomagalhaes.com.br\/index.php\/wp-json\/wp\/v2\/media?parent=76728"}],"wp:term":[{"taxonomy":"category","embeddable":true,"href":"https:\/\/blogdoedvaldomagalhaes.com.br\/index.php\/wp-json\/wp\/v2\/categories?post=76728"},{"taxonomy":"post_tag","embeddable":true,"href":"https:\/\/blogdoedvaldomagalhaes.com.br\/index.php\/wp-json\/wp\/v2\/tags?post=76728"}],"curies":[{"name":"wp","href":"https:\/\/api.w.org\/{rel}","templated":true}]}}