{"id":76718,"date":"2021-10-27T18:07:11","date_gmt":"2021-10-27T21:07:11","guid":{"rendered":"https:\/\/blogdoedvaldomagalhaes.com.br\/?p=76718"},"modified":"2021-10-27T18:24:20","modified_gmt":"2021-10-27T21:24:20","slug":"carro-de-motorista-de-aplicativo-desaparecido-e-encontrado-com-corpo-em-decomposicao","status":"publish","type":"post","link":"https:\/\/blogdoedvaldomagalhaes.com.br\/index.php\/2021\/10\/27\/carro-de-motorista-de-aplicativo-desaparecido-e-encontrado-com-corpo-em-decomposicao\/","title":{"rendered":"Carro de motorista de aplicativo desaparecido \u00e9 encontrado com corpo em decomposi\u00e7\u00e3o"},"content":{"rendered":"<p style=\"text-align: justify;\">Nesta quarta-feira (27), por volta das 15h10 a Central da PRF recebeu a informa\u00e7\u00e3o de que um carro modelo Megane foi encontrado capotado fora da rodovia, em um local de dif\u00edcil visualiza\u00e7\u00e3o, no Km 63 da BR 232, em Pombos, no sentido Recife.<\/p>\n<p style=\"text-align: justify;\">Um corpo de um homem em decomposi\u00e7\u00e3o foi encontrado dentro do ve\u00edculo, ainda sem identifica\u00e7\u00e3o.<\/p>\n<p style=\"text-align: justify;\">A placa do carro \u00e9 a mesma do ve\u00edculo utilizado pelo motorista de aplicativo, Wendell Higor Santos, 27 anos, que estava sendo procurado pelos familiares, desde o dia 19 de outubro, e que foi visto pela \u00faltima vez em Vit\u00f3ria de Santo Ant\u00e3o, seguindo viagem para Bezerros.<\/p>\n<p style=\"text-align: justify;\">Equipes da PRF, Pol\u00edcia Civil e IML estiveram no local.<\/p>\n\n\n<figure class=\"wp-block-image size-large\"><img loading=\"lazy\" decoding=\"async\" width=\"1024\" height=\"576\" src=\"https:\/\/blogdoedvaldomagalhaes.com.br\/wp-content\/uploads\/2021\/10\/IMG-20211027-WA0164-1024x576.jpg\" alt=\"\" class=\"wp-image-76723\" srcset=\"https:\/\/blogdoedvaldomagalhaes.com.br\/wp-content\/uploads\/2021\/10\/IMG-20211027-WA0164-1024x576.jpg 1024w, https:\/\/blogdoedvaldomagalhaes.com.br\/wp-content\/uploads\/2021\/10\/IMG-20211027-WA0164-300x169.jpg 300w, https:\/\/blogdoedvaldomagalhaes.com.br\/wp-content\/uploads\/2021\/10\/IMG-20211027-WA0164-768x432.jpg 768w, https:\/\/blogdoedvaldomagalhaes.com.br\/wp-content\/uploads\/2021\/10\/IMG-20211027-WA0164-1140x641.jpg 1140w, https:\/\/blogdoedvaldomagalhaes.com.br\/wp-content\/uploads\/2021\/10\/IMG-20211027-WA0164-720x405.jpg 720w, https:\/\/blogdoedvaldomagalhaes.com.br\/wp-content\/uploads\/2021\/10\/IMG-20211027-WA0164.jpg 1280w\" sizes=\"auto, (max-width: 1024px) 100vw, 1024px\" \/><figcaption>Fotos: PRF\/Divulga\u00e7\u00e3o<\/figcaption><\/figure>\n","protected":false},"excerpt":{"rendered":"<p>Nesta quarta-feira (27), por volta das 15h10 a Central da PRF recebeu a informa\u00e7\u00e3o de que um carro modelo Megane&hellip;<\/p>\n","protected":false},"author":1,"featured_media":76719,"comment_status":"open","ping_status":"open","sticky":false,"template":"","format":"standard","meta":{"footnotes":""},"categories":[14121],"tags":[2,19532,23237,3406,6],"class_list":["post-76718","post","type-post","status-publish","format-standard","has-post-thumbnail","hentry","category-policial","tag-blog-do-edvaldo-magalhaes","tag-blog-mais-acessado-e-visualizado-de-caruaru-e-regiao","tag-carro-de-motorista-de-aplicativo-desaparecido-e-encontrado-com-corpo-em-decomposicao","tag-caruaru","tag-noticias"],"_links":{"self":[{"href":"https:\/\/blogdoedvaldomagalhaes.com.br\/index.php\/wp-json\/wp\/v2\/posts\/76718","targetHints":{"allow":["GET"]}}],"collection":[{"href":"https:\/\/blogdoedvaldomagalhaes.com.br\/index.php\/wp-json\/wp\/v2\/posts"}],"about":[{"href":"https:\/\/blogdoedvaldomagalhaes.com.br\/index.php\/wp-json\/wp\/v2\/types\/post"}],"author":[{"embeddable":true,"href":"https:\/\/blogdoedvaldomagalhaes.com.br\/index.php\/wp-json\/wp\/v2\/users\/1"}],"replies":[{"embeddable":true,"href":"https:\/\/blogdoedvaldomagalhaes.com.br\/index.php\/wp-json\/wp\/v2\/comments?post=76718"}],"version-history":[{"count":3,"href":"https:\/\/blogdoedvaldomagalhaes.com.br\/index.php\/wp-json\/wp\/v2\/posts\/76718\/revisions"}],"predecessor-version":[{"id":76725,"href":"https:\/\/blogdoedvaldomagalhaes.com.br\/index.php\/wp-json\/wp\/v2\/posts\/76718\/revisions\/76725"}],"wp:featuredmedia":[{"embeddable":true,"href":"https:\/\/blogdoedvaldomagalhaes.com.br\/index.php\/wp-json\/wp\/v2\/media\/76719"}],"wp:attachment":[{"href":"https:\/\/blogdoedvaldomagalhaes.com.br\/index.php\/wp-json\/wp\/v2\/media?parent=76718"}],"wp:term":[{"taxonomy":"category","embeddable":true,"href":"https:\/\/blogdoedvaldomagalhaes.com.br\/index.php\/wp-json\/wp\/v2\/categories?post=76718"},{"taxonomy":"post_tag","embeddable":true,"href":"https:\/\/blogdoedvaldomagalhaes.com.br\/index.php\/wp-json\/wp\/v2\/tags?post=76718"}],"curies":[{"name":"wp","href":"https:\/\/api.w.org\/{rel}","templated":true}]}}