{"id":76715,"date":"2021-10-27T17:53:26","date_gmt":"2021-10-27T20:53:26","guid":{"rendered":"https:\/\/blogdoedvaldomagalhaes.com.br\/?p=76715"},"modified":"2021-10-27T17:55:31","modified_gmt":"2021-10-27T20:55:31","slug":"audiencia-publica-debate-o-reconhecimento-dos-animais-nao-humanos-como-seres-sencientes-em-caruaru","status":"publish","type":"post","link":"https:\/\/blogdoedvaldomagalhaes.com.br\/index.php\/2021\/10\/27\/audiencia-publica-debate-o-reconhecimento-dos-animais-nao-humanos-como-seres-sencientes-em-caruaru\/","title":{"rendered":"Audi\u00eancia p\u00fablica debate o reconhecimento dos animais n\u00e3o-humanos como seres sencientes, em Caruaru"},"content":{"rendered":"<p style=\"text-align: justify;\"><span style=\"font-size: inherit;\">Uma audi\u00eancia p\u00fablica foi realizada na manh\u00e3 desta quarta-feira (27), na C\u00e2mara Municipal de Caruaru, para debater o Projeto de Lei 9125\/2021, de autoria do vereador e Presidente da Comiss\u00e3o Permanente dos Direitos dos Animais, Anderson Correia (PP), que prop\u00f5e o reconhecimento dos animais n\u00e3o-humanos, c\u00e3es e gatos, como seres sencientes, garantindo assim, a exist\u00eancia deles.<\/span><\/p>\n<p style=\"text-align: justify;\">O evento solicitado pelo vereador Anderson Correia (PP), contou com a<br \/>\nparticipa\u00e7\u00e3o de refer\u00eancias do Direito Animal, como o Juiz Federal Dr. Vicente Ata\u00edde Junior e o advogado Dr. Yuri Fernandes Lima. \u201cN\u00e3o h\u00e1 mais como negar que, diante dos avan\u00e7os cient\u00edficos, os animais n\u00e3o-humanos tamb\u00e9m s\u00e3o seres vivos dotados de consci\u00eancia e de capacidade de sentir e de sofrer (a senci\u00eancia), n\u00e3o podendo, por essa raz\u00e3o, continuar a ser tratados como coisas ou seres inanimados, insuscet\u00edveis de sofrimento f\u00edsico e ps\u00edquico\u201d, ressalta o parlamentar, no texto da proposi\u00e7\u00e3o.<\/p>\n","protected":false},"excerpt":{"rendered":"<p>Uma audi\u00eancia p\u00fablica foi realizada na manh\u00e3 desta quarta-feira (27), na C\u00e2mara Municipal de Caruaru, para debater o Projeto de&hellip;<\/p>\n","protected":false},"author":1,"featured_media":76716,"comment_status":"open","ping_status":"open","sticky":false,"template":"","format":"standard","meta":{"footnotes":""},"categories":[14122],"tags":[23236,2,19532,3406],"class_list":["post-76715","post","type-post","status-publish","format-standard","has-post-thumbnail","hentry","category-politica","tag-audiencia-publica-debate-o-reconhecimento-dos-animais-nao-humanos-como-seres-sencientes-em-caruaru","tag-blog-do-edvaldo-magalhaes","tag-blog-mais-acessado-e-visualizado-de-caruaru-e-regiao","tag-caruaru"],"_links":{"self":[{"href":"https:\/\/blogdoedvaldomagalhaes.com.br\/index.php\/wp-json\/wp\/v2\/posts\/76715","targetHints":{"allow":["GET"]}}],"collection":[{"href":"https:\/\/blogdoedvaldomagalhaes.com.br\/index.php\/wp-json\/wp\/v2\/posts"}],"about":[{"href":"https:\/\/blogdoedvaldomagalhaes.com.br\/index.php\/wp-json\/wp\/v2\/types\/post"}],"author":[{"embeddable":true,"href":"https:\/\/blogdoedvaldomagalhaes.com.br\/index.php\/wp-json\/wp\/v2\/users\/1"}],"replies":[{"embeddable":true,"href":"https:\/\/blogdoedvaldomagalhaes.com.br\/index.php\/wp-json\/wp\/v2\/comments?post=76715"}],"version-history":[{"count":1,"href":"https:\/\/blogdoedvaldomagalhaes.com.br\/index.php\/wp-json\/wp\/v2\/posts\/76715\/revisions"}],"predecessor-version":[{"id":76717,"href":"https:\/\/blogdoedvaldomagalhaes.com.br\/index.php\/wp-json\/wp\/v2\/posts\/76715\/revisions\/76717"}],"wp:featuredmedia":[{"embeddable":true,"href":"https:\/\/blogdoedvaldomagalhaes.com.br\/index.php\/wp-json\/wp\/v2\/media\/76716"}],"wp:attachment":[{"href":"https:\/\/blogdoedvaldomagalhaes.com.br\/index.php\/wp-json\/wp\/v2\/media?parent=76715"}],"wp:term":[{"taxonomy":"category","embeddable":true,"href":"https:\/\/blogdoedvaldomagalhaes.com.br\/index.php\/wp-json\/wp\/v2\/categories?post=76715"},{"taxonomy":"post_tag","embeddable":true,"href":"https:\/\/blogdoedvaldomagalhaes.com.br\/index.php\/wp-json\/wp\/v2\/tags?post=76715"}],"curies":[{"name":"wp","href":"https:\/\/api.w.org\/{rel}","templated":true}]}}