{"id":76712,"date":"2021-10-27T14:23:25","date_gmt":"2021-10-27T17:23:25","guid":{"rendered":"https:\/\/blogdoedvaldomagalhaes.com.br\/?p=76712"},"modified":"2021-10-27T14:23:27","modified_gmt":"2021-10-27T17:23:27","slug":"prefeita-raquel-lyra-da-posse-a-novos-membros-do-conselho-municipal-de-defesa-do-meio-ambiente","status":"publish","type":"post","link":"https:\/\/blogdoedvaldomagalhaes.com.br\/index.php\/2021\/10\/27\/prefeita-raquel-lyra-da-posse-a-novos-membros-do-conselho-municipal-de-defesa-do-meio-ambiente\/","title":{"rendered":"Prefeita Raquel Lyra d\u00e1 posse a novos membros do Conselho Municipal de Defesa do Meio Ambiente"},"content":{"rendered":"<p style=\"text-align: justify;\"><span style=\"font-size: inherit;\">A Secretaria de Servi\u00e7os P\u00fablicos e Sustentabilidade, realizou, nessa ter\u00e7a-feira (26), assembleia que empossou os novos membros do Conselho Municipal de Defesa do Meio Ambiente (Condema), para o bi\u00eanio 2022\/2023. Na ocasi\u00e3o, houve a cria\u00e7\u00e3o de um grupo de trabalho para elabora\u00e7\u00e3o do Regimento Interno.<\/span><\/p>\n<p style=\"text-align: justify;\">Durante o evento foi realizada a entrega dos termos de posse pelo presidente do Condema, Ytalo Farias, e pelo secret\u00e1rio administrativo, Ramon Abelenda. Ainda foi definido o calend\u00e1rio para as reuni\u00f5es do grupo e realizada a elei\u00e7\u00e3o do vice-presidente do conselho, que elegeu Sandro Vila Nova.<\/p>\n<p style=\"text-align: justify;\">Ap\u00f3s a leitura do decreto que homologa a posse dos membros para o bi\u00eanio 2022\/2023, o documento foi assinado pela Prefeita Raquel Lyra. \u201cAgrade\u00e7o o compromisso de todos e, tenho certeza, que teremos desafios, mas tamb\u00e9m muito trabalho e \u00f3timos resultados em defesa do meio ambiente. Nossa cidade merece esse cuidado e a aten\u00e7\u00e3o de todos n\u00f3s\u201d, enfatizou.<\/p>\n<p style=\"text-align: justify;\">Para o presidente do Condema, Ytalo Farias, esse \u00e9 um momento muito importante para a cidade. \u201c\u00c9 uma fase de renova\u00e7\u00e3o. Vamos trabalhar muito para implementar novas propostas, fruto do trabalho dos membros deste conselho, que \u00e9 uma inst\u00e2ncia de natureza participativa da sociedade civil que atua na indica\u00e7\u00e3o e formula\u00e7\u00e3o de pol\u00edticas afirmativas\u201d, disse.<\/p>\n<p style=\"text-align: justify;\">*Sobre o Condema*<\/p>\n<p style=\"text-align: justify;\">O Conselho Municipal de Defesa do Meio Ambiente, atualmente, \u00e9 formado por 18 membros, entre titulares e suplentes, representantes de \u00f3rg\u00e3o p\u00fablico, da sociedade civil organizada, de entidades de iniciativa privada e de \u00f3rg\u00e3os federal e estadual. \u00c9 vinculado \u00e0 estrutura organizacional da Secretaria de Servi\u00e7os P\u00fablicos e Sustentabilidade, que \u00e9 respons\u00e1vel por auxiliar a gest\u00e3o na elabora\u00e7\u00e3o de pol\u00edticas de promo\u00e7\u00e3o ao meio ambiente de Caruaru. Compete ao Condema ainda a delibera\u00e7\u00e3o sobre a aplica\u00e7\u00e3o dos recursos do Fundo Municipal de Meio Ambiente e outras atribui\u00e7\u00f5es.<\/p>\n<p style=\"text-align: justify;\">Fotos: Elvis Edson.<\/p>\n","protected":false},"excerpt":{"rendered":"<p>A Secretaria de Servi\u00e7os P\u00fablicos e Sustentabilidade, realizou, nessa ter\u00e7a-feira (26), assembleia que empossou os novos membros do Conselho Municipal&hellip;<\/p>\n","protected":false},"author":1,"featured_media":76713,"comment_status":"open","ping_status":"open","sticky":false,"template":"","format":"standard","meta":{"footnotes":""},"categories":[14122],"tags":[2,19532,3406,2252,23235],"class_list":["post-76712","post","type-post","status-publish","format-standard","has-post-thumbnail","hentry","category-politica","tag-blog-do-edvaldo-magalhaes","tag-blog-mais-acessado-e-visualizado-de-caruaru-e-regiao","tag-caruaru","tag-noticia","tag-prefeita-raquel-lyra-da-posse-a-novos-membros-do-conselho-municipal-de-defesa-do-meio-ambiente"],"_links":{"self":[{"href":"https:\/\/blogdoedvaldomagalhaes.com.br\/index.php\/wp-json\/wp\/v2\/posts\/76712","targetHints":{"allow":["GET"]}}],"collection":[{"href":"https:\/\/blogdoedvaldomagalhaes.com.br\/index.php\/wp-json\/wp\/v2\/posts"}],"about":[{"href":"https:\/\/blogdoedvaldomagalhaes.com.br\/index.php\/wp-json\/wp\/v2\/types\/post"}],"author":[{"embeddable":true,"href":"https:\/\/blogdoedvaldomagalhaes.com.br\/index.php\/wp-json\/wp\/v2\/users\/1"}],"replies":[{"embeddable":true,"href":"https:\/\/blogdoedvaldomagalhaes.com.br\/index.php\/wp-json\/wp\/v2\/comments?post=76712"}],"version-history":[{"count":1,"href":"https:\/\/blogdoedvaldomagalhaes.com.br\/index.php\/wp-json\/wp\/v2\/posts\/76712\/revisions"}],"predecessor-version":[{"id":76714,"href":"https:\/\/blogdoedvaldomagalhaes.com.br\/index.php\/wp-json\/wp\/v2\/posts\/76712\/revisions\/76714"}],"wp:featuredmedia":[{"embeddable":true,"href":"https:\/\/blogdoedvaldomagalhaes.com.br\/index.php\/wp-json\/wp\/v2\/media\/76713"}],"wp:attachment":[{"href":"https:\/\/blogdoedvaldomagalhaes.com.br\/index.php\/wp-json\/wp\/v2\/media?parent=76712"}],"wp:term":[{"taxonomy":"category","embeddable":true,"href":"https:\/\/blogdoedvaldomagalhaes.com.br\/index.php\/wp-json\/wp\/v2\/categories?post=76712"},{"taxonomy":"post_tag","embeddable":true,"href":"https:\/\/blogdoedvaldomagalhaes.com.br\/index.php\/wp-json\/wp\/v2\/tags?post=76712"}],"curies":[{"name":"wp","href":"https:\/\/api.w.org\/{rel}","templated":true}]}}