{"id":76709,"date":"2021-10-27T14:07:53","date_gmt":"2021-10-27T17:07:53","guid":{"rendered":"https:\/\/blogdoedvaldomagalhaes.com.br\/?p=76709"},"modified":"2021-10-27T14:07:54","modified_gmt":"2021-10-27T17:07:54","slug":"confira-as-datas-da-vacinacao-antirrabica-em-caruaru-para-cerca-de-30-mil-caes-e-gatos","status":"publish","type":"post","link":"https:\/\/blogdoedvaldomagalhaes.com.br\/index.php\/2021\/10\/27\/confira-as-datas-da-vacinacao-antirrabica-em-caruaru-para-cerca-de-30-mil-caes-e-gatos\/","title":{"rendered":"Confira as datas da vacina\u00e7\u00e3o antirr\u00e1bica em Caruaru, para cerca de 30 mil c\u00e3es e gatos"},"content":{"rendered":"<p style=\"text-align: justify;\"><span style=\"font-size: inherit;\">A raiva \u00e9 uma doen\u00e7a viral e infecciosa, transmiss\u00edvel de animal para animal e de animal para homem. A transmiss\u00e3o se d\u00e1 pela penetra\u00e7\u00e3o do v\u00edrus contido na saliva do animal infectado, principalmente pela mordedura, arranhadura e lambedura de mucosas. A vacina\u00e7\u00e3o antirr\u00e1bica acontecer\u00e1 em Caruaru, nos dias 20 e 27 de novembro, das 8h \u00e0s 17h.<\/span><\/p>\n<p style=\"text-align: justify;\">A vacina\u00e7\u00e3o \u00e9 gratuita e protege os animais contra a doen\u00e7a, que \u00e9 fatal. O objetivo da campanha \u00e9 controlar a circula\u00e7\u00e3o do v\u00edrus da raiva canina e felina, prevenindo, assim, a raiva humana.<\/p>\n<p style=\"text-align: justify;\">No dia 20 de novembro, a vacina\u00e7\u00e3o acontece nos bairros Xique-Xique, Jos\u00e9 Carlos de Oliveira, Maria Auxiliadora, Boa Vista I, Jo\u00e3o Mota, Vila Padre In\u00e1cio, Vila Kennedy, Caiuc\u00e1, Centro, Divin\u00f3polis, Centen\u00e1rio, Nina Liberato, Alto do Moura, Caj\u00e1, Residencial Luiz Bezerra Torres, S\u00e3o Francisco, Maur\u00edcio de Nassau, Residencial Alto do Moura, Luiz Gonzaga, Nova Caruaru, Severino Afonso, Residencial Bara\u00fanas e Panorama.<\/p>\n<p style=\"text-align: justify;\">J\u00e1 no dia 27 de novembro \u00e9 a vez dos bairros S\u00e3o Jo\u00e3o da Esc\u00f3cia, Cedro, Salgado, Morada Nova, Serran\u00f3polis, Rendeiras, Petr\u00f3polis, Vassoural, Agamenon Magalh\u00e3es, Jardim Liberdade, Inocoop, Ant\u00f4nio Liberato, Indian\u00f3polis, Santa Rosa e na sede da Secretaria de Sa\u00fade, no Bairro S\u00e3o Francisco.<\/p>\n","protected":false},"excerpt":{"rendered":"<p>A raiva \u00e9 uma doen\u00e7a viral e infecciosa, transmiss\u00edvel de animal para animal e de animal para homem. A transmiss\u00e3o&hellip;<\/p>\n","protected":false},"author":1,"featured_media":76710,"comment_status":"open","ping_status":"open","sticky":false,"template":"","format":"standard","meta":{"footnotes":""},"categories":[14120],"tags":[2,19532,3406,23234,6],"class_list":["post-76709","post","type-post","status-publish","format-standard","has-post-thumbnail","hentry","category-noticias","tag-blog-do-edvaldo-magalhaes","tag-blog-mais-acessado-e-visualizado-de-caruaru-e-regiao","tag-caruaru","tag-confira-as-datas-da-vacinacao-antirrabica-em-caruaru-para-cerca-de-30-mil-caes-e-gatos","tag-noticias"],"_links":{"self":[{"href":"https:\/\/blogdoedvaldomagalhaes.com.br\/index.php\/wp-json\/wp\/v2\/posts\/76709","targetHints":{"allow":["GET"]}}],"collection":[{"href":"https:\/\/blogdoedvaldomagalhaes.com.br\/index.php\/wp-json\/wp\/v2\/posts"}],"about":[{"href":"https:\/\/blogdoedvaldomagalhaes.com.br\/index.php\/wp-json\/wp\/v2\/types\/post"}],"author":[{"embeddable":true,"href":"https:\/\/blogdoedvaldomagalhaes.com.br\/index.php\/wp-json\/wp\/v2\/users\/1"}],"replies":[{"embeddable":true,"href":"https:\/\/blogdoedvaldomagalhaes.com.br\/index.php\/wp-json\/wp\/v2\/comments?post=76709"}],"version-history":[{"count":1,"href":"https:\/\/blogdoedvaldomagalhaes.com.br\/index.php\/wp-json\/wp\/v2\/posts\/76709\/revisions"}],"predecessor-version":[{"id":76711,"href":"https:\/\/blogdoedvaldomagalhaes.com.br\/index.php\/wp-json\/wp\/v2\/posts\/76709\/revisions\/76711"}],"wp:featuredmedia":[{"embeddable":true,"href":"https:\/\/blogdoedvaldomagalhaes.com.br\/index.php\/wp-json\/wp\/v2\/media\/76710"}],"wp:attachment":[{"href":"https:\/\/blogdoedvaldomagalhaes.com.br\/index.php\/wp-json\/wp\/v2\/media?parent=76709"}],"wp:term":[{"taxonomy":"category","embeddable":true,"href":"https:\/\/blogdoedvaldomagalhaes.com.br\/index.php\/wp-json\/wp\/v2\/categories?post=76709"},{"taxonomy":"post_tag","embeddable":true,"href":"https:\/\/blogdoedvaldomagalhaes.com.br\/index.php\/wp-json\/wp\/v2\/tags?post=76709"}],"curies":[{"name":"wp","href":"https:\/\/api.w.org\/{rel}","templated":true}]}}