{"id":76706,"date":"2021-10-27T11:34:07","date_gmt":"2021-10-27T14:34:07","guid":{"rendered":"https:\/\/blogdoedvaldomagalhaes.com.br\/?p=76706"},"modified":"2021-10-27T11:34:09","modified_gmt":"2021-10-27T14:34:09","slug":"bairro-sao-francisco-em-caruaru-recebe-acao-social-do-outubro-rosa-nesta-quinta-28","status":"publish","type":"post","link":"https:\/\/blogdoedvaldomagalhaes.com.br\/index.php\/2021\/10\/27\/bairro-sao-francisco-em-caruaru-recebe-acao-social-do-outubro-rosa-nesta-quinta-28\/","title":{"rendered":"Bairro S\u00e3o Francisco em Caruaru recebe a\u00e7\u00e3o social do Outubro Rosa nesta quinta (28)"},"content":{"rendered":"<p style=\"text-align: justify;\">Nesta quinta-feira (28), o laborat\u00f3rio Mais Exames promove uma a\u00e7\u00e3o social do Outubro Rosa no bairro S\u00e3o Francisco, em Caruaru.<\/p>\n<p style=\"text-align: justify;\">O evento vai oferecer a\u00e7\u00f5es voltadas para todas as mulheres, com consultas cl\u00ednicas, nutricionista, psic\u00f3loga, dentista, maquiagem, corte de cabelo, entre outros servi\u00e7os. Todo o evento de sa\u00fade e bem-estar ser\u00e1 gratuito.<\/p>\n<p style=\"text-align: justify;\">A Biom\u00e9dica, Annaic Huyara, explica como vai ser a a\u00e7\u00e3o &#8220;Al\u00e9m das consultas, vamos ter testes r\u00e1pidos, distribui\u00e7\u00e3o de lanche para as crian\u00e7as e um momento especial de beleza e autoestima para as mulheres&#8221; comenta.<\/p>\n<p style=\"text-align: justify;\">A a\u00e7\u00e3o acontecer\u00e1 a partir das 9h, na Rua Alfonso Celso, 25. Mais informa\u00e7\u00f5es pelos telefones: (81) 3045-887\/ (81) 99111-5611<\/p>\n","protected":false},"excerpt":{"rendered":"<p>Nesta quinta-feira (28), o laborat\u00f3rio Mais Exames promove uma a\u00e7\u00e3o social do Outubro Rosa no bairro S\u00e3o Francisco, em Caruaru.&hellip;<\/p>\n","protected":false},"author":1,"featured_media":76707,"comment_status":"open","ping_status":"open","sticky":false,"template":"","format":"standard","meta":{"footnotes":""},"categories":[14120],"tags":[23233,2,19532,3406,6],"class_list":["post-76706","post","type-post","status-publish","format-standard","has-post-thumbnail","hentry","category-noticias","tag-bairro-sao-francisco-em-caruaru-recebe-acao-social-do-outubro-rosa-nesta-quinta-28","tag-blog-do-edvaldo-magalhaes","tag-blog-mais-acessado-e-visualizado-de-caruaru-e-regiao","tag-caruaru","tag-noticias"],"_links":{"self":[{"href":"https:\/\/blogdoedvaldomagalhaes.com.br\/index.php\/wp-json\/wp\/v2\/posts\/76706","targetHints":{"allow":["GET"]}}],"collection":[{"href":"https:\/\/blogdoedvaldomagalhaes.com.br\/index.php\/wp-json\/wp\/v2\/posts"}],"about":[{"href":"https:\/\/blogdoedvaldomagalhaes.com.br\/index.php\/wp-json\/wp\/v2\/types\/post"}],"author":[{"embeddable":true,"href":"https:\/\/blogdoedvaldomagalhaes.com.br\/index.php\/wp-json\/wp\/v2\/users\/1"}],"replies":[{"embeddable":true,"href":"https:\/\/blogdoedvaldomagalhaes.com.br\/index.php\/wp-json\/wp\/v2\/comments?post=76706"}],"version-history":[{"count":1,"href":"https:\/\/blogdoedvaldomagalhaes.com.br\/index.php\/wp-json\/wp\/v2\/posts\/76706\/revisions"}],"predecessor-version":[{"id":76708,"href":"https:\/\/blogdoedvaldomagalhaes.com.br\/index.php\/wp-json\/wp\/v2\/posts\/76706\/revisions\/76708"}],"wp:featuredmedia":[{"embeddable":true,"href":"https:\/\/blogdoedvaldomagalhaes.com.br\/index.php\/wp-json\/wp\/v2\/media\/76707"}],"wp:attachment":[{"href":"https:\/\/blogdoedvaldomagalhaes.com.br\/index.php\/wp-json\/wp\/v2\/media?parent=76706"}],"wp:term":[{"taxonomy":"category","embeddable":true,"href":"https:\/\/blogdoedvaldomagalhaes.com.br\/index.php\/wp-json\/wp\/v2\/categories?post=76706"},{"taxonomy":"post_tag","embeddable":true,"href":"https:\/\/blogdoedvaldomagalhaes.com.br\/index.php\/wp-json\/wp\/v2\/tags?post=76706"}],"curies":[{"name":"wp","href":"https:\/\/api.w.org\/{rel}","templated":true}]}}