{"id":76702,"date":"2021-10-27T09:19:06","date_gmt":"2021-10-27T12:19:06","guid":{"rendered":"https:\/\/blogdoedvaldomagalhaes.com.br\/?p=76702"},"modified":"2021-10-27T09:24:13","modified_gmt":"2021-10-27T12:24:13","slug":"confira-a-programacao-do-festival-literario-do-agreste-filagreste-no-sesc-caruaru","status":"publish","type":"post","link":"https:\/\/blogdoedvaldomagalhaes.com.br\/index.php\/2021\/10\/27\/confira-a-programacao-do-festival-literario-do-agreste-filagreste-no-sesc-caruaru\/","title":{"rendered":"Confira a programa\u00e7\u00e3o do Festival Liter\u00e1rio do Agreste &#8211; Filagreste no Sesc Caruaru"},"content":{"rendered":"<p style=\"text-align: justify;\">Pela primeira vez, o Sesc Caruaru vai receber o Filiagreste \u2013 Festival Liter\u00e1rio do Agreste, que este ano homenageia o centen\u00e1rio do educador Paulo Freire. O festival vai contar com uma feira de livros, palestras, oficinas e apresenta\u00e7\u00f5es culturais. A abertura oficial \u00e9 nesta quarta-feira (27), com encerramento no domingo (31). O hor\u00e1rio de visita\u00e7\u00e3o do p\u00fablico \u00e9 das 10h \u00e0s 21h, com entrada gratuita. Os stands est\u00e3o montados no Sal\u00e3o de Eventos e no Gin\u00e1sio de Esportes do Sesc.<\/p>\n<p style=\"text-align: justify;\">A unidade de Caruaru preparou uma programa\u00e7\u00e3o com cinema, m\u00fasica, literatura e recrea\u00e7\u00e3o. Tr\u00eas filmes com v\u00e3o ser exibidos no Teatro Rui Limeira Rosal, sempre \u00e0s 9h: no dia 27, \u201cO Grilo Feliz e os Insetos Gigantes\u201d, de Walbercy e Rafael Ribas (2009 \u2013 10 anos); no dia 28 \u00e9 a vez de \u201cEu e Meu Guarda-Chuva\u201d, de Toni Vanzolini (2010 &#8211; Livre); e no dia 29 o p\u00fablico assiste \u201cTito e os P\u00e1ssaros\u201d, de Gustavo Steinberg, Gabriel Bitar e Andr\u00e9 Catoto (2018 &#8211; Livre).<\/p>\n<p style=\"text-align: justify;\">No dia 28, \u00e0s 13h, tem a palestra \u201cAy\u00f4: A Constru\u00e7\u00e3o da Identidade Negra na Literatura Infantil Brasileira\u201d, com Ana Carolina Silva, bibliotec\u00e1ria do Sesc Caruaru. A equipe de recrea\u00e7\u00e3o da unidade realiza atividades para as crian\u00e7as, com jogos gigantes e oficinas art\u00edsticas. E o grupo musical Su\u00edte de Barro se apresenta na sexta (29), \u00e0s 18h30, abrindo o show musical de Xangai, e no s\u00e1bado (30), tamb\u00e9m \u00e0s 18h30, antes da apresenta\u00e7\u00e3o do poeta Jessi\u00ea Quirino.<\/p>\n<p style=\"text-align: justify;\">\u201cReceber um festival t\u00e3o importante para a nossa regi\u00e3o, que promove a cultura e busca despertar o gosto pelos livros, principalmente nas crian\u00e7as e jovens, \u00e9 de grande relev\u00e2ncia para n\u00f3s, visto que a cultura para o Sesc \u00e9 uma pertinente ferramenta de transforma\u00e7\u00e3o do indiv\u00edduo e da sociedade\u201d, ressalta Concei\u00e7\u00e3o de Paulo, gerente do Sesc Caruaru. O Filiagreste \u00e9 promovido pela Andelivros, em parceria com o Sesc e a Prefeitura de Caruaru.<\/p>\n","protected":false},"excerpt":{"rendered":"<p>Pela primeira vez, o Sesc Caruaru vai receber o Filiagreste \u2013 Festival Liter\u00e1rio do Agreste, que este ano homenageia o&hellip;<\/p>\n","protected":false},"author":1,"featured_media":76703,"comment_status":"open","ping_status":"open","sticky":false,"template":"","format":"standard","meta":{"footnotes":""},"categories":[14120],"tags":[2,19532,3406,23232,6],"class_list":["post-76702","post","type-post","status-publish","format-standard","has-post-thumbnail","hentry","category-noticias","tag-blog-do-edvaldo-magalhaes","tag-blog-mais-acessado-e-visualizado-de-caruaru-e-regiao","tag-caruaru","tag-confira-a-programacao-do-festival-literario-do-agreste-filagreste-no-sesc-caruaru","tag-noticias"],"_links":{"self":[{"href":"https:\/\/blogdoedvaldomagalhaes.com.br\/index.php\/wp-json\/wp\/v2\/posts\/76702","targetHints":{"allow":["GET"]}}],"collection":[{"href":"https:\/\/blogdoedvaldomagalhaes.com.br\/index.php\/wp-json\/wp\/v2\/posts"}],"about":[{"href":"https:\/\/blogdoedvaldomagalhaes.com.br\/index.php\/wp-json\/wp\/v2\/types\/post"}],"author":[{"embeddable":true,"href":"https:\/\/blogdoedvaldomagalhaes.com.br\/index.php\/wp-json\/wp\/v2\/users\/1"}],"replies":[{"embeddable":true,"href":"https:\/\/blogdoedvaldomagalhaes.com.br\/index.php\/wp-json\/wp\/v2\/comments?post=76702"}],"version-history":[{"count":2,"href":"https:\/\/blogdoedvaldomagalhaes.com.br\/index.php\/wp-json\/wp\/v2\/posts\/76702\/revisions"}],"predecessor-version":[{"id":76705,"href":"https:\/\/blogdoedvaldomagalhaes.com.br\/index.php\/wp-json\/wp\/v2\/posts\/76702\/revisions\/76705"}],"wp:featuredmedia":[{"embeddable":true,"href":"https:\/\/blogdoedvaldomagalhaes.com.br\/index.php\/wp-json\/wp\/v2\/media\/76703"}],"wp:attachment":[{"href":"https:\/\/blogdoedvaldomagalhaes.com.br\/index.php\/wp-json\/wp\/v2\/media?parent=76702"}],"wp:term":[{"taxonomy":"category","embeddable":true,"href":"https:\/\/blogdoedvaldomagalhaes.com.br\/index.php\/wp-json\/wp\/v2\/categories?post=76702"},{"taxonomy":"post_tag","embeddable":true,"href":"https:\/\/blogdoedvaldomagalhaes.com.br\/index.php\/wp-json\/wp\/v2\/tags?post=76702"}],"curies":[{"name":"wp","href":"https:\/\/api.w.org\/{rel}","templated":true}]}}