{"id":76688,"date":"2021-10-26T19:31:20","date_gmt":"2021-10-26T22:31:20","guid":{"rendered":"https:\/\/blogdoedvaldomagalhaes.com.br\/?p=76688"},"modified":"2021-10-26T19:49:17","modified_gmt":"2021-10-26T22:49:17","slug":"vereador-irmao-ronaldo-comemora-entrega-da-requalificacao-da-praca-de-areia","status":"publish","type":"post","link":"https:\/\/blogdoedvaldomagalhaes.com.br\/index.php\/2021\/10\/26\/vereador-irmao-ronaldo-comemora-entrega-da-requalificacao-da-praca-de-areia\/","title":{"rendered":"Vereador Irm\u00e3o Ronaldo comemora entrega da requalifica\u00e7\u00e3o da Pra\u00e7a de Areia"},"content":{"rendered":"<p style=\"text-align: justify;\"><span style=\"font-size: inherit;\">A Secretaria de Infraestrutura e Obras (Siurb), entregou, nesta ter\u00e7a-feira (26), a Pra\u00e7a Waldiael Ara\u00fajo Silva, no bairro Boa Vista (antiga Pra\u00e7a de Areia da Cohab), requalificada. A obra conta com espa\u00e7o para exerc\u00edcios f\u00edsicos, playground, quadra de v\u00f4lei de areia, acessibilidade e paisagismo.<\/span><\/p>\n<p style=\"text-align: justify;\">Segundo a Prefeita Raquel Lyra, a requalifica\u00e7\u00e3o do local traz um novo momento para o espa\u00e7o. &#8220;Temos o sonho de transformar a nossa cidade e sabemos que n\u00e3o conseguimos fazer nada sozinhos. Essa pra\u00e7a estava completamente deteriorada, como in\u00fameros outros espa\u00e7os que estavam e agora ganharam uma nova vida e significado para a cidade e para o nosso povo&#8221;, ressaltou.<\/p>\n<p style=\"text-align: justify;\">De acordo com o secret\u00e1rio da Siurb, Rodrigo Miranda, a requalifica\u00e7\u00e3o de pra\u00e7as \u00e9 importante porque agrega novos espa\u00e7os recreativos e de lazer para a popula\u00e7\u00e3o em geral, gerando melhor qualidade de vida. \u201cAs revitaliza\u00e7\u00f5es das pra\u00e7as fazem com que os ambientes p\u00fablicos sejam revigorados, trazendo mais conforto e acessibilidade para todos, com locais de recrea\u00e7\u00e3o para as crian\u00e7as, espa\u00e7os para pr\u00e1ticas de exerc\u00edcios f\u00edsicos e locais de conviv\u00eancia social\u201d, destacou.<\/p>\n<p style=\"text-align: justify;\">O vereador Irm\u00e3o Ronaldo, solicitou atrav\u00e9s de Requerimento a&nbsp;<span style=\"font-size: inherit;\">Reforma e Requalifica\u00e7\u00e3o da pra\u00e7a c<\/span><span style=\"font-size: inherit;\">onhecida como Pra\u00e7a da quadra de areia, localizada na Avenida<\/span><span style=\"font-size: inherit;\"> Caruaru, no Bairro Boa Vista, entre as ruas Santa Maria da Boa Vista e <\/span><span style=\"font-size: inherit;\">\u00c1guas Belas. &#8220;\u00c9<\/span><span style=\"font-size: inherit;\"> um lugar muito agrad\u00e1vel e a<\/span><span style=\"font-size: inherit;\">conchegante para os atletas que usufruem da quadra na pratica esportiva do F<\/span><span style=\"font-size: inherit;\">utv\u00f4lei e do V\u00f4lei, e tamb\u00e9m para as fam\u00edlias com suas crian\u00e7as que nos m<\/span><span style=\"font-size: inherit;\">omentos de lazer v\u00e3o se divertir na pra\u00e7a. Precisava URGENTEMENTE de uma re<\/span><span style=\"font-size: inherit;\">forma e Requalifica\u00e7\u00e3o, onde os brinquedos para as crian\u00e7as necessitavam s<\/span><span style=\"font-size: inherit;\">erem renovados e trazerem uma nova roupagem a essa pra\u00e7a t\u00e3o importante p<\/span><span style=\"font-size: inherit;\">ara essa comunidade. Estou muito feliz em ter o meu pedido atendido pela prefeita Raquel Lyra e pelo secret\u00e1rio da Siurb, Rodrigo Miranda&#8221; afirmou o vereador Irm\u00e3o Ronaldo.<\/span><\/p>\n\n\n<figure class=\"wp-block-image size-large\"><img loading=\"lazy\" decoding=\"async\" width=\"1024\" height=\"577\" src=\"https:\/\/blogdoedvaldomagalhaes.com.br\/wp-content\/uploads\/2021\/10\/IMG-20211026-WA0192-1024x577.jpg\" alt=\"\" class=\"wp-image-76693\" srcset=\"https:\/\/blogdoedvaldomagalhaes.com.br\/wp-content\/uploads\/2021\/10\/IMG-20211026-WA0192-1024x577.jpg 1024w, https:\/\/blogdoedvaldomagalhaes.com.br\/wp-content\/uploads\/2021\/10\/IMG-20211026-WA0192-300x169.jpg 300w, https:\/\/blogdoedvaldomagalhaes.com.br\/wp-content\/uploads\/2021\/10\/IMG-20211026-WA0192-768x432.jpg 768w, https:\/\/blogdoedvaldomagalhaes.com.br\/wp-content\/uploads\/2021\/10\/IMG-20211026-WA0192-1140x641.jpg 1140w, https:\/\/blogdoedvaldomagalhaes.com.br\/wp-content\/uploads\/2021\/10\/IMG-20211026-WA0192-720x405.jpg 720w, https:\/\/blogdoedvaldomagalhaes.com.br\/wp-content\/uploads\/2021\/10\/IMG-20211026-WA0192.jpg 1156w\" sizes=\"auto, (max-width: 1024px) 100vw, 1024px\" \/><\/figure>\n\n\n\n<figure class=\"wp-block-image size-large\"><img loading=\"lazy\" decoding=\"async\" width=\"1024\" height=\"577\" src=\"https:\/\/blogdoedvaldomagalhaes.com.br\/wp-content\/uploads\/2021\/10\/IMG-20211026-WA0198-1024x577.jpg\" alt=\"\" class=\"wp-image-76695\" srcset=\"https:\/\/blogdoedvaldomagalhaes.com.br\/wp-content\/uploads\/2021\/10\/IMG-20211026-WA0198-1024x577.jpg 1024w, https:\/\/blogdoedvaldomagalhaes.com.br\/wp-content\/uploads\/2021\/10\/IMG-20211026-WA0198-300x169.jpg 300w, https:\/\/blogdoedvaldomagalhaes.com.br\/wp-content\/uploads\/2021\/10\/IMG-20211026-WA0198-768x432.jpg 768w, https:\/\/blogdoedvaldomagalhaes.com.br\/wp-content\/uploads\/2021\/10\/IMG-20211026-WA0198-1140x641.jpg 1140w, https:\/\/blogdoedvaldomagalhaes.com.br\/wp-content\/uploads\/2021\/10\/IMG-20211026-WA0198-720x405.jpg 720w, https:\/\/blogdoedvaldomagalhaes.com.br\/wp-content\/uploads\/2021\/10\/IMG-20211026-WA0198.jpg 1156w\" sizes=\"auto, (max-width: 1024px) 100vw, 1024px\" \/><\/figure>\n\n\n\n<figure class=\"wp-block-image size-large\"><img loading=\"lazy\" decoding=\"async\" width=\"1024\" height=\"768\" src=\"https:\/\/blogdoedvaldomagalhaes.com.br\/wp-content\/uploads\/2021\/10\/IMG-20211026-WA0193-1024x768.jpg\" alt=\"\" class=\"wp-image-76696\" srcset=\"https:\/\/blogdoedvaldomagalhaes.com.br\/wp-content\/uploads\/2021\/10\/IMG-20211026-WA0193-1024x768.jpg 1024w, https:\/\/blogdoedvaldomagalhaes.com.br\/wp-content\/uploads\/2021\/10\/IMG-20211026-WA0193-300x225.jpg 300w, https:\/\/blogdoedvaldomagalhaes.com.br\/wp-content\/uploads\/2021\/10\/IMG-20211026-WA0193-768x576.jpg 768w, https:\/\/blogdoedvaldomagalhaes.com.br\/wp-content\/uploads\/2021\/10\/IMG-20211026-WA0193-160x120.jpg 160w, https:\/\/blogdoedvaldomagalhaes.com.br\/wp-content\/uploads\/2021\/10\/IMG-20211026-WA0193.jpg 1156w\" sizes=\"auto, (max-width: 1024px) 100vw, 1024px\" \/><\/figure>\n\n\n\n<figure class=\"wp-block-image size-large\"><img loading=\"lazy\" decoding=\"async\" width=\"1024\" height=\"768\" src=\"https:\/\/blogdoedvaldomagalhaes.com.br\/wp-content\/uploads\/2021\/10\/IMG-20211026-WA0195-1024x768.jpg\" alt=\"\" class=\"wp-image-76697\" srcset=\"https:\/\/blogdoedvaldomagalhaes.com.br\/wp-content\/uploads\/2021\/10\/IMG-20211026-WA0195-1024x768.jpg 1024w, https:\/\/blogdoedvaldomagalhaes.com.br\/wp-content\/uploads\/2021\/10\/IMG-20211026-WA0195-300x225.jpg 300w, https:\/\/blogdoedvaldomagalhaes.com.br\/wp-content\/uploads\/2021\/10\/IMG-20211026-WA0195-768x576.jpg 768w, https:\/\/blogdoedvaldomagalhaes.com.br\/wp-content\/uploads\/2021\/10\/IMG-20211026-WA0195-160x120.jpg 160w, https:\/\/blogdoedvaldomagalhaes.com.br\/wp-content\/uploads\/2021\/10\/IMG-20211026-WA0195.jpg 1156w\" sizes=\"auto, (max-width: 1024px) 100vw, 1024px\" \/><\/figure>\n\n\n\n<figure class=\"wp-block-image size-large\"><img loading=\"lazy\" decoding=\"async\" width=\"768\" height=\"1024\" src=\"https:\/\/blogdoedvaldomagalhaes.com.br\/wp-content\/uploads\/2021\/10\/IMG-20211026-WA0190-768x1024.jpg\" alt=\"\" class=\"wp-image-76698\" srcset=\"https:\/\/blogdoedvaldomagalhaes.com.br\/wp-content\/uploads\/2021\/10\/IMG-20211026-WA0190-768x1024.jpg 768w, https:\/\/blogdoedvaldomagalhaes.com.br\/wp-content\/uploads\/2021\/10\/IMG-20211026-WA0190-225x300.jpg 225w, https:\/\/blogdoedvaldomagalhaes.com.br\/wp-content\/uploads\/2021\/10\/IMG-20211026-WA0190-1152x1536.jpg 1152w, https:\/\/blogdoedvaldomagalhaes.com.br\/wp-content\/uploads\/2021\/10\/IMG-20211026-WA0190.jpg 1200w\" sizes=\"auto, (max-width: 768px) 100vw, 768px\" \/><\/figure>\n\n\n\n<figure class=\"wp-block-image size-large\"><img loading=\"lazy\" decoding=\"async\" width=\"1024\" height=\"768\" src=\"https:\/\/blogdoedvaldomagalhaes.com.br\/wp-content\/uploads\/2021\/10\/IMG-20211026-WA0201-1024x768.jpg\" alt=\"\" class=\"wp-image-76699\" srcset=\"https:\/\/blogdoedvaldomagalhaes.com.br\/wp-content\/uploads\/2021\/10\/IMG-20211026-WA0201-1024x768.jpg 1024w, https:\/\/blogdoedvaldomagalhaes.com.br\/wp-content\/uploads\/2021\/10\/IMG-20211026-WA0201-300x225.jpg 300w, https:\/\/blogdoedvaldomagalhaes.com.br\/wp-content\/uploads\/2021\/10\/IMG-20211026-WA0201-768x576.jpg 768w, https:\/\/blogdoedvaldomagalhaes.com.br\/wp-content\/uploads\/2021\/10\/IMG-20211026-WA0201-160x120.jpg 160w, https:\/\/blogdoedvaldomagalhaes.com.br\/wp-content\/uploads\/2021\/10\/IMG-20211026-WA0201.jpg 1156w\" sizes=\"auto, (max-width: 1024px) 100vw, 1024px\" \/><\/figure>\n\n\n\n<figure class=\"wp-block-image size-large\"><img loading=\"lazy\" decoding=\"async\" width=\"1024\" height=\"768\" src=\"https:\/\/blogdoedvaldomagalhaes.com.br\/wp-content\/uploads\/2021\/10\/IMG-20211026-WA0199-1024x768.jpg\" alt=\"\" class=\"wp-image-76700\" srcset=\"https:\/\/blogdoedvaldomagalhaes.com.br\/wp-content\/uploads\/2021\/10\/IMG-20211026-WA0199-1024x768.jpg 1024w, https:\/\/blogdoedvaldomagalhaes.com.br\/wp-content\/uploads\/2021\/10\/IMG-20211026-WA0199-300x225.jpg 300w, https:\/\/blogdoedvaldomagalhaes.com.br\/wp-content\/uploads\/2021\/10\/IMG-20211026-WA0199-768x576.jpg 768w, https:\/\/blogdoedvaldomagalhaes.com.br\/wp-content\/uploads\/2021\/10\/IMG-20211026-WA0199-160x120.jpg 160w, https:\/\/blogdoedvaldomagalhaes.com.br\/wp-content\/uploads\/2021\/10\/IMG-20211026-WA0199.jpg 1156w\" sizes=\"auto, (max-width: 1024px) 100vw, 1024px\" \/><\/figure>\n","protected":false},"excerpt":{"rendered":"<p>A Secretaria de Infraestrutura e Obras (Siurb), entregou, nesta ter\u00e7a-feira (26), a Pra\u00e7a Waldiael Ara\u00fajo Silva, no bairro Boa Vista&hellip;<\/p>\n","protected":false},"author":1,"featured_media":76689,"comment_status":"open","ping_status":"open","sticky":false,"template":"","format":"standard","meta":{"footnotes":""},"categories":[14122],"tags":[2,19532,3406,6,23231],"class_list":["post-76688","post","type-post","status-publish","format-standard","has-post-thumbnail","hentry","category-politica","tag-blog-do-edvaldo-magalhaes","tag-blog-mais-acessado-e-visualizado-de-caruaru-e-regiao","tag-caruaru","tag-noticias","tag-vereador-irmao-ronaldo-comemora-entrega-da-requalificacao-da-praca-de-areia"],"_links":{"self":[{"href":"https:\/\/blogdoedvaldomagalhaes.com.br\/index.php\/wp-json\/wp\/v2\/posts\/76688","targetHints":{"allow":["GET"]}}],"collection":[{"href":"https:\/\/blogdoedvaldomagalhaes.com.br\/index.php\/wp-json\/wp\/v2\/posts"}],"about":[{"href":"https:\/\/blogdoedvaldomagalhaes.com.br\/index.php\/wp-json\/wp\/v2\/types\/post"}],"author":[{"embeddable":true,"href":"https:\/\/blogdoedvaldomagalhaes.com.br\/index.php\/wp-json\/wp\/v2\/users\/1"}],"replies":[{"embeddable":true,"href":"https:\/\/blogdoedvaldomagalhaes.com.br\/index.php\/wp-json\/wp\/v2\/comments?post=76688"}],"version-history":[{"count":3,"href":"https:\/\/blogdoedvaldomagalhaes.com.br\/index.php\/wp-json\/wp\/v2\/posts\/76688\/revisions"}],"predecessor-version":[{"id":76701,"href":"https:\/\/blogdoedvaldomagalhaes.com.br\/index.php\/wp-json\/wp\/v2\/posts\/76688\/revisions\/76701"}],"wp:featuredmedia":[{"embeddable":true,"href":"https:\/\/blogdoedvaldomagalhaes.com.br\/index.php\/wp-json\/wp\/v2\/media\/76689"}],"wp:attachment":[{"href":"https:\/\/blogdoedvaldomagalhaes.com.br\/index.php\/wp-json\/wp\/v2\/media?parent=76688"}],"wp:term":[{"taxonomy":"category","embeddable":true,"href":"https:\/\/blogdoedvaldomagalhaes.com.br\/index.php\/wp-json\/wp\/v2\/categories?post=76688"},{"taxonomy":"post_tag","embeddable":true,"href":"https:\/\/blogdoedvaldomagalhaes.com.br\/index.php\/wp-json\/wp\/v2\/tags?post=76688"}],"curies":[{"name":"wp","href":"https:\/\/api.w.org\/{rel}","templated":true}]}}