{"id":76685,"date":"2021-10-26T18:21:31","date_gmt":"2021-10-26T21:21:31","guid":{"rendered":"https:\/\/blogdoedvaldomagalhaes.com.br\/?p=76685"},"modified":"2021-10-26T18:21:32","modified_gmt":"2021-10-26T21:21:32","slug":"vereador-jorge-quintino-se-posiciona-contra-a-pec-32-e-pede-sensibilidade-para-funcionarios-publicos","status":"publish","type":"post","link":"https:\/\/blogdoedvaldomagalhaes.com.br\/index.php\/2021\/10\/26\/vereador-jorge-quintino-se-posiciona-contra-a-pec-32-e-pede-sensibilidade-para-funcionarios-publicos\/","title":{"rendered":"Vereador Jorge Quintino se posiciona contra a PEC 32 e pede sensibilidade para funcion\u00e1rios p\u00fablicos"},"content":{"rendered":"<p style=\"text-align: justify;\"><span style=\"font-size: inherit;\">Durante a Sess\u00e3o Ordin\u00e1ria desta ter\u00e7a-feira (26) o vereador Jorge Quintino deixou claro que \u00e9 contra a Reforma Administrativa. \u201cA PEC 32 se apoia em informa\u00e7\u00f5es falsas, dados inconsistentes, estudos a que ningu\u00e9m pode ter acesso\u201d, disse o edil durante o discurso.<\/span><\/p>\n<p style=\"text-align: justify;\">Jorge Quintino parabenizou os avan\u00e7os do poder p\u00fablico municipal referente as constru\u00e7\u00f5es e requalifica\u00e7\u00f5es nas \u00e1reas da educa\u00e7\u00e3o, sa\u00fade e lazer e refletiu sobre a total necessidade de sensibilidade ao servidor p\u00fablico em momentos de tantas dificuldades.<\/p>\n","protected":false},"excerpt":{"rendered":"<p>Durante a Sess\u00e3o Ordin\u00e1ria desta ter\u00e7a-feira (26) o vereador Jorge Quintino deixou claro que \u00e9 contra a Reforma Administrativa. \u201cA&hellip;<\/p>\n","protected":false},"author":1,"featured_media":76686,"comment_status":"open","ping_status":"open","sticky":false,"template":"","format":"standard","meta":{"footnotes":""},"categories":[14122],"tags":[2,19532,3406,6,23230],"class_list":["post-76685","post","type-post","status-publish","format-standard","has-post-thumbnail","hentry","category-politica","tag-blog-do-edvaldo-magalhaes","tag-blog-mais-acessado-e-visualizado-de-caruaru-e-regiao","tag-caruaru","tag-noticias","tag-vereador-jorge-quintino-se-posiciona-contra-a-pec-32-e-pede-sensibilidade-para-funcionarios-publicos"],"_links":{"self":[{"href":"https:\/\/blogdoedvaldomagalhaes.com.br\/index.php\/wp-json\/wp\/v2\/posts\/76685","targetHints":{"allow":["GET"]}}],"collection":[{"href":"https:\/\/blogdoedvaldomagalhaes.com.br\/index.php\/wp-json\/wp\/v2\/posts"}],"about":[{"href":"https:\/\/blogdoedvaldomagalhaes.com.br\/index.php\/wp-json\/wp\/v2\/types\/post"}],"author":[{"embeddable":true,"href":"https:\/\/blogdoedvaldomagalhaes.com.br\/index.php\/wp-json\/wp\/v2\/users\/1"}],"replies":[{"embeddable":true,"href":"https:\/\/blogdoedvaldomagalhaes.com.br\/index.php\/wp-json\/wp\/v2\/comments?post=76685"}],"version-history":[{"count":1,"href":"https:\/\/blogdoedvaldomagalhaes.com.br\/index.php\/wp-json\/wp\/v2\/posts\/76685\/revisions"}],"predecessor-version":[{"id":76687,"href":"https:\/\/blogdoedvaldomagalhaes.com.br\/index.php\/wp-json\/wp\/v2\/posts\/76685\/revisions\/76687"}],"wp:featuredmedia":[{"embeddable":true,"href":"https:\/\/blogdoedvaldomagalhaes.com.br\/index.php\/wp-json\/wp\/v2\/media\/76686"}],"wp:attachment":[{"href":"https:\/\/blogdoedvaldomagalhaes.com.br\/index.php\/wp-json\/wp\/v2\/media?parent=76685"}],"wp:term":[{"taxonomy":"category","embeddable":true,"href":"https:\/\/blogdoedvaldomagalhaes.com.br\/index.php\/wp-json\/wp\/v2\/categories?post=76685"},{"taxonomy":"post_tag","embeddable":true,"href":"https:\/\/blogdoedvaldomagalhaes.com.br\/index.php\/wp-json\/wp\/v2\/tags?post=76685"}],"curies":[{"name":"wp","href":"https:\/\/api.w.org\/{rel}","templated":true}]}}