{"id":7655,"date":"2016-11-18T09:47:00","date_gmt":"2016-11-18T11:47:00","guid":{"rendered":"http:\/\/blogdoedvaldomagalhaes.com.br\/index.php\/2016\/11\/18\/escola-e-arrombada-e-assaltada-duas\/"},"modified":"2019-02-09T01:06:48","modified_gmt":"2019-02-09T03:06:48","slug":"escola-e-arrombada-e-assaltada-duas","status":"publish","type":"post","link":"https:\/\/blogdoedvaldomagalhaes.com.br\/index.php\/2016\/11\/18\/escola-e-arrombada-e-assaltada-duas\/","title":{"rendered":"Escola \u00e9 arrombada e assaltada duas vezes em Santa Cruz do Capibaribe"},"content":{"rendered":"<div style=\"list-style: none; text-align: justify;\">\n<div class=\"separator\" style=\"clear: both; text-align: center;\">\n<a href=\"https:\/\/3.bp.blogspot.com\/-2CAwIbmhktA\/WC7QiM_VwqI\/AAAAAAAAKEQ\/gQ_p2x0yEIEFIwqV6Pon7IejLOWPAWz4wCLcB\/s1600\/escola.jpg\" imageanchor=\"1\" style=\"margin-left: 1em; margin-right: 1em;\"><img loading=\"lazy\" decoding=\"async\" border=\"0\" height=\"300\" src=\"http:\/\/blogdoedvaldomagalhaes.com.br\/wp-content\/uploads\/2016\/11\/escola-1.jpg\" width=\"400\" \/><\/a><\/div>\n<p>\nUm jovem de 18 anos foi preso e um adolescente de 15 anos apreendido em Santa Cruz do Capibaribe. Eles s\u00e3o suspeitos de arrombamento e furto na Escola Municipal Orlandina Arag\u00e3o, na noite desta quarta-feira (16).<\/p>\n<\/div>\n<div style=\"list-style: none; text-align: justify;\">\n<\/div>\n<div style=\"list-style: none; text-align: justify;\">\nA dupla teria furtado um notebook, uma caixa de som amplificada, um mini system e uma televis\u00e3o. O material foi encontrado na casa de um dos suspeitos.<\/p>\n<\/div>\n<div style=\"list-style: none; text-align: justify;\">\n<\/div>\n<div style=\"list-style: none; text-align: justify;\">\nE na manh\u00e3 desta quinta-feira (17), ocorreu um assalto na mesma escola. Dois jovens armados invadiram a institui\u00e7\u00e3o de ensino e roubaram dois notebooks e dois celulares de pessoas que estavam na secretaria.<\/p>\n<p><\/p>\n<div style=\"list-style: none;\">\nA Pol\u00edcia Militar divulgou um v\u00eddeo que mostra o momento no qual os dois jovens cometeram o crime. Eles est\u00e3o foragidos.<\/p>\n<\/div>\n<div style=\"list-style: none;\">\n<\/div>\n<div style=\"list-style: none;\">\nVeja as imagens do assalto divulgadas pelo Blog do Ney Lima.<\/div>\n<\/div>\n<div style=\"color: #333333; font-family: &quot;Open Sans&quot;, sans-serif; font-size: 15px; list-style: none; text-align: justify;\">\n<\/p>\n<div class=\"separator\" style=\"clear: both; text-align: center;\">\n<iframe loading=\"lazy\" allowfullscreen=\"\" class=\"YOUTUBE-iframe-video\" data-thumbnail-src=\"https:\/\/i.ytimg.com\/vi\/l-JXJ4Mi54M\/0.jpg\" frameborder=\"0\" height=\"266\" src=\"https:\/\/www.youtube.com\/embed\/l-JXJ4Mi54M?feature=player_embedded\" width=\"320\"><\/iframe><\/div>\n<\/div>\n","protected":false},"excerpt":{"rendered":"<p>Um jovem de 18 anos foi preso e um adolescente de 15 anos apreendido em Santa Cruz do Capibaribe. Eles&hellip;<\/p>\n","protected":false},"author":1,"featured_media":0,"comment_status":"open","ping_status":"open","sticky":false,"template":"","format":"standard","meta":{"footnotes":""},"categories":[1],"tags":[2,11038,11039,6173,13],"class_list":["post-7655","post","type-post","status-publish","format-standard","hentry","category-sem-categoria","tag-blog-do-edvaldo-magalhaes","tag-escola-e-arrombada-e-assaltada-duas-vezes-em-santa-cruz-do-capibaribe","tag-escola-municipal-orlandina-aragao","tag-policia-militar","tag-policial"],"_links":{"self":[{"href":"https:\/\/blogdoedvaldomagalhaes.com.br\/index.php\/wp-json\/wp\/v2\/posts\/7655","targetHints":{"allow":["GET"]}}],"collection":[{"href":"https:\/\/blogdoedvaldomagalhaes.com.br\/index.php\/wp-json\/wp\/v2\/posts"}],"about":[{"href":"https:\/\/blogdoedvaldomagalhaes.com.br\/index.php\/wp-json\/wp\/v2\/types\/post"}],"author":[{"embeddable":true,"href":"https:\/\/blogdoedvaldomagalhaes.com.br\/index.php\/wp-json\/wp\/v2\/users\/1"}],"replies":[{"embeddable":true,"href":"https:\/\/blogdoedvaldomagalhaes.com.br\/index.php\/wp-json\/wp\/v2\/comments?post=7655"}],"version-history":[{"count":1,"href":"https:\/\/blogdoedvaldomagalhaes.com.br\/index.php\/wp-json\/wp\/v2\/posts\/7655\/revisions"}],"predecessor-version":[{"id":14222,"href":"https:\/\/blogdoedvaldomagalhaes.com.br\/index.php\/wp-json\/wp\/v2\/posts\/7655\/revisions\/14222"}],"wp:attachment":[{"href":"https:\/\/blogdoedvaldomagalhaes.com.br\/index.php\/wp-json\/wp\/v2\/media?parent=7655"}],"wp:term":[{"taxonomy":"category","embeddable":true,"href":"https:\/\/blogdoedvaldomagalhaes.com.br\/index.php\/wp-json\/wp\/v2\/categories?post=7655"},{"taxonomy":"post_tag","embeddable":true,"href":"https:\/\/blogdoedvaldomagalhaes.com.br\/index.php\/wp-json\/wp\/v2\/tags?post=7655"}],"curies":[{"name":"wp","href":"https:\/\/api.w.org\/{rel}","templated":true}]}}