{"id":76520,"date":"2021-10-23T18:16:40","date_gmt":"2021-10-23T21:16:40","guid":{"rendered":"https:\/\/blogdoedvaldomagalhaes.com.br\/?p=76520"},"modified":"2021-10-23T18:22:36","modified_gmt":"2021-10-23T21:22:36","slug":"mulher-morre-apos-colisao-frontal-entre-carro-e-carreta-na-curva-da-laranjeira-em-pernambuco","status":"publish","type":"post","link":"https:\/\/blogdoedvaldomagalhaes.com.br\/index.php\/2021\/10\/23\/mulher-morre-apos-colisao-frontal-entre-carro-e-carreta-na-curva-da-laranjeira-em-pernambuco\/","title":{"rendered":"Mulher morre ap\u00f3s colis\u00e3o frontal entre carro e carreta na curva da Laranjeira em Pernambuco"},"content":{"rendered":"<p style=\"text-align: justify;\">Por volta das 7h30 da manh\u00e3 deste s\u00e1bado (23) a Pol\u00edcia Rodovi\u00e1ria Federal (PRF), foi acionada para atender a um acidente na BR 424, km 94, na conhecida curva da Laranjeira, em Garanhuns, no Agreste de Pernambuco.<\/p>\n<p style=\"text-align: justify;\">A ocorr\u00eancia do tipo colis\u00e3o frontal entre um ve\u00edculo e uma carreta, que redundou na morte da condutora do autom\u00f3vel, a nutricionista Adna J\u00e9ssica de Ara\u00fajo, de 33 anos.<\/p>\n<p style=\"text-align: justify;\">Inicialmente ocorreu uma interdi\u00e7\u00e3o do trecho nos dois sentidos, mas o tr\u00e2nsito j\u00e1 est\u00e1 liberado nos dois sentidos. A an\u00e1lise dos vest\u00edgios preliminares da PRF, apontam para a possibilidade do autom\u00f3vel (Onix) ter invadido a faixa contr\u00e1ria, vindo a colidir na parte frontal do rodotrem. O Onix seguia no sentido Correntes\/Garanhuns.<\/p>\n<p style=\"text-align: justify;\">O IML e a pol\u00edcia civil compareceram ao local e ficar\u00e1 respons\u00e1vel pelas investiga\u00e7\u00f5es do acidente.<\/p>\n<p style=\"text-align: justify;\">Adna, era natural da cidade de Palmeira dos \u00cdndios, em Alagoas, e estava a caminho da cidade de Garanhuns, para um plant\u00e3o no Hospital Regional Dom Moura. Adna ficou presa \u00e0s ferragens e morreu no local.<\/p>\n<p style=\"text-align: justify;\">Em seu perfil no Instagram, o Hospital de Emerg\u00eancia do Agresta lamentou a morte da profissional.<\/p>\n<p style=\"text-align: justify;\">\u201c\u00c9 com grande pesar que comunicamos o falecimento de Adna J\u00e9ssica de Ara\u00fajo que h\u00e1 4 anos era servidora no HE do Agreste. O @heagreste presta solidariedade aos amigos e familiares por esta irrepar\u00e1vel perda e rogamos para que Deus possa confort\u00e1-los nesse momento de grande dor, em que as palavras se apequenam e o esp\u00edrito busca amparo na F\u00e9.\u201d<\/p>\n\n\n<figure class=\"wp-block-image size-large\"><img loading=\"lazy\" decoding=\"async\" width=\"1024\" height=\"498\" src=\"https:\/\/blogdoedvaldomagalhaes.com.br\/wp-content\/uploads\/2021\/10\/IMG-20211023-WA0178-1024x498.jpg\" alt=\"\" class=\"wp-image-76524\" srcset=\"https:\/\/blogdoedvaldomagalhaes.com.br\/wp-content\/uploads\/2021\/10\/IMG-20211023-WA0178-1024x498.jpg 1024w, https:\/\/blogdoedvaldomagalhaes.com.br\/wp-content\/uploads\/2021\/10\/IMG-20211023-WA0178-300x146.jpg 300w, https:\/\/blogdoedvaldomagalhaes.com.br\/wp-content\/uploads\/2021\/10\/IMG-20211023-WA0178-768x373.jpg 768w, https:\/\/blogdoedvaldomagalhaes.com.br\/wp-content\/uploads\/2021\/10\/IMG-20211023-WA0178-1536x746.jpg 1536w, https:\/\/blogdoedvaldomagalhaes.com.br\/wp-content\/uploads\/2021\/10\/IMG-20211023-WA0178.jpg 1599w\" sizes=\"auto, (max-width: 1024px) 100vw, 1024px\" \/><figcaption>Fotos: PRF\/Divulga\u00e7\u00e3o<\/figcaption><\/figure>\n\n\n\n<figure class=\"wp-block-image size-large\"><img loading=\"lazy\" decoding=\"async\" width=\"640\" height=\"637\" src=\"https:\/\/blogdoedvaldomagalhaes.com.br\/wp-content\/uploads\/2021\/10\/FB_IMG_1635024006279.jpg\" alt=\"\" class=\"wp-image-76526\" srcset=\"https:\/\/blogdoedvaldomagalhaes.com.br\/wp-content\/uploads\/2021\/10\/FB_IMG_1635024006279.jpg 640w, https:\/\/blogdoedvaldomagalhaes.com.br\/wp-content\/uploads\/2021\/10\/FB_IMG_1635024006279-300x300.jpg 300w, https:\/\/blogdoedvaldomagalhaes.com.br\/wp-content\/uploads\/2021\/10\/FB_IMG_1635024006279-150x150.jpg 150w\" sizes=\"auto, (max-width: 640px) 100vw, 640px\" \/><figcaption>\u00c1dna J\u00e9ssica de Ara\u00fajo<\/figcaption><\/figure>\n","protected":false},"excerpt":{"rendered":"<p>Por volta das 7h30 da manh\u00e3 deste s\u00e1bado (23) a Pol\u00edcia Rodovi\u00e1ria Federal (PRF), foi acionada para atender a um&hellip;<\/p>\n","protected":false},"author":1,"featured_media":76521,"comment_status":"open","ping_status":"open","sticky":false,"template":"","format":"standard","meta":{"footnotes":""},"categories":[14120],"tags":[14276,2,19532,23203,3406,3782,23202],"class_list":["post-76520","post","type-post","status-publish","format-standard","has-post-thumbnail","hentry","category-noticias","tag-acidente","tag-blog-do-edvaldo-magalhaes","tag-blog-mais-acessado-e-visualizado-de-caruaru-e-regiao","tag-br-424-2","tag-caruaru","tag-garanhuns","tag-mulher-morre-apos-colisao-frontal-entre-carro-e-carreta-na-curva-da-laranjeira-em-pernambuco"],"_links":{"self":[{"href":"https:\/\/blogdoedvaldomagalhaes.com.br\/index.php\/wp-json\/wp\/v2\/posts\/76520","targetHints":{"allow":["GET"]}}],"collection":[{"href":"https:\/\/blogdoedvaldomagalhaes.com.br\/index.php\/wp-json\/wp\/v2\/posts"}],"about":[{"href":"https:\/\/blogdoedvaldomagalhaes.com.br\/index.php\/wp-json\/wp\/v2\/types\/post"}],"author":[{"embeddable":true,"href":"https:\/\/blogdoedvaldomagalhaes.com.br\/index.php\/wp-json\/wp\/v2\/users\/1"}],"replies":[{"embeddable":true,"href":"https:\/\/blogdoedvaldomagalhaes.com.br\/index.php\/wp-json\/wp\/v2\/comments?post=76520"}],"version-history":[{"count":5,"href":"https:\/\/blogdoedvaldomagalhaes.com.br\/index.php\/wp-json\/wp\/v2\/posts\/76520\/revisions"}],"predecessor-version":[{"id":76528,"href":"https:\/\/blogdoedvaldomagalhaes.com.br\/index.php\/wp-json\/wp\/v2\/posts\/76520\/revisions\/76528"}],"wp:featuredmedia":[{"embeddable":true,"href":"https:\/\/blogdoedvaldomagalhaes.com.br\/index.php\/wp-json\/wp\/v2\/media\/76521"}],"wp:attachment":[{"href":"https:\/\/blogdoedvaldomagalhaes.com.br\/index.php\/wp-json\/wp\/v2\/media?parent=76520"}],"wp:term":[{"taxonomy":"category","embeddable":true,"href":"https:\/\/blogdoedvaldomagalhaes.com.br\/index.php\/wp-json\/wp\/v2\/categories?post=76520"},{"taxonomy":"post_tag","embeddable":true,"href":"https:\/\/blogdoedvaldomagalhaes.com.br\/index.php\/wp-json\/wp\/v2\/tags?post=76520"}],"curies":[{"name":"wp","href":"https:\/\/api.w.org\/{rel}","templated":true}]}}