{"id":76516,"date":"2021-10-23T13:05:24","date_gmt":"2021-10-23T16:05:24","guid":{"rendered":"https:\/\/blogdoedvaldomagalhaes.com.br\/?p=76516"},"modified":"2021-10-23T13:05:25","modified_gmt":"2021-10-23T16:05:25","slug":"apodec-participa-do-campeonato-brasileiro-de-bocha-paralimpica-em-joinville-sc","status":"publish","type":"post","link":"https:\/\/blogdoedvaldomagalhaes.com.br\/index.php\/2021\/10\/23\/apodec-participa-do-campeonato-brasileiro-de-bocha-paralimpica-em-joinville-sc\/","title":{"rendered":"Apodec participa do Campeonato Brasileiro de Bocha Paral\u00edmpica em Joinville-SC"},"content":{"rendered":"<p style=\"text-align: justify;\">O Campeonato Brasileiro de Bocha Paral\u00edmpica \u00e9 organizado pela Associa\u00e7\u00e3o Nacional de Desporto para Deficientes (ANDE). O naipe masculino ser\u00e1 realizado entre os dias 25 e 31 de outubro, no Centro de Treinamento Ivo Varella, em Joinville.<\/p>\n<p style=\"text-align: justify;\">A expectativa \u00e9 que Santa Catarina receba cerca de 110 atletas de mais de 20 estados do pa\u00eds. Medalhistas que representaram o Brasil em T\u00f3quio tamb\u00e9m participam da competi\u00e7\u00e3o. A bocha paral\u00edmpica brasileira est\u00e1 entre as cinco melhores do mundo.<\/p>\n<p style=\"text-align: justify;\">A delega\u00e7\u00e3o da a Associa\u00e7\u00e3o das Pessoas com Defici\u00eancia de Caruaru &#8211; Apodec, viaja nesta segunda feira (25), para disputar a competi\u00e7\u00e3o. A equipe \u00e9 composta por 4 atletas, 2 staff e 1 t\u00e9cnico. O presidente da Apodec, Esnande Quirino, e tamb\u00e9m coordenador da regional Nordeste da bocha estar\u00e1, participando do evento com a equipe e dando suporte para as equipes da regi\u00e3o Nordeste, que est\u00e3o no campeonato, ao todo ser\u00e3o 15 atletas da regi\u00e3o Nordeste neste campeonato, dos estados: Pernambuco, Para\u00edba, Rio Grande do Norte, Alagoas e Cear\u00e1.<\/p>\n<p style=\"text-align: justify;\">A pr\u00e1tica da bocha paral\u00edmpica consiste em lan\u00e7ar bolas coloridas o mais perto poss\u00edvel de uma bola branca. Os atletas ficam sentados em cadeiras de rodas e limitados a um espa\u00e7o demarcado para fazer os arremessos.<\/p>\n<p style=\"text-align: justify;\">\u00c9 permitido usar as m\u00e3os, os p\u00e9s e instrumentos de aux\u00edlio, e contar com ajudantes (calheiros), no caso dos atletas com maior comprometimento dos membros. Os jogos s\u00e3o divididos em quatros sets com seis minutos cada para o lan\u00e7amento das bolas.<\/p>\n","protected":false},"excerpt":{"rendered":"<p>O Campeonato Brasileiro de Bocha Paral\u00edmpica \u00e9 organizado pela Associa\u00e7\u00e3o Nacional de Desporto para Deficientes (ANDE). O naipe masculino ser\u00e1&hellip;<\/p>\n","protected":false},"author":1,"featured_media":76517,"comment_status":"open","ping_status":"open","sticky":false,"template":"","format":"standard","meta":{"footnotes":""},"categories":[14120],"tags":[23201,2,19532,3406],"class_list":["post-76516","post","type-post","status-publish","format-standard","has-post-thumbnail","hentry","category-noticias","tag-apodec-participa-do-campeonato-brasileiro-de-bocha-paralimpica-em-joinville-sc","tag-blog-do-edvaldo-magalhaes","tag-blog-mais-acessado-e-visualizado-de-caruaru-e-regiao","tag-caruaru"],"_links":{"self":[{"href":"https:\/\/blogdoedvaldomagalhaes.com.br\/index.php\/wp-json\/wp\/v2\/posts\/76516","targetHints":{"allow":["GET"]}}],"collection":[{"href":"https:\/\/blogdoedvaldomagalhaes.com.br\/index.php\/wp-json\/wp\/v2\/posts"}],"about":[{"href":"https:\/\/blogdoedvaldomagalhaes.com.br\/index.php\/wp-json\/wp\/v2\/types\/post"}],"author":[{"embeddable":true,"href":"https:\/\/blogdoedvaldomagalhaes.com.br\/index.php\/wp-json\/wp\/v2\/users\/1"}],"replies":[{"embeddable":true,"href":"https:\/\/blogdoedvaldomagalhaes.com.br\/index.php\/wp-json\/wp\/v2\/comments?post=76516"}],"version-history":[{"count":1,"href":"https:\/\/blogdoedvaldomagalhaes.com.br\/index.php\/wp-json\/wp\/v2\/posts\/76516\/revisions"}],"predecessor-version":[{"id":76518,"href":"https:\/\/blogdoedvaldomagalhaes.com.br\/index.php\/wp-json\/wp\/v2\/posts\/76516\/revisions\/76518"}],"wp:featuredmedia":[{"embeddable":true,"href":"https:\/\/blogdoedvaldomagalhaes.com.br\/index.php\/wp-json\/wp\/v2\/media\/76517"}],"wp:attachment":[{"href":"https:\/\/blogdoedvaldomagalhaes.com.br\/index.php\/wp-json\/wp\/v2\/media?parent=76516"}],"wp:term":[{"taxonomy":"category","embeddable":true,"href":"https:\/\/blogdoedvaldomagalhaes.com.br\/index.php\/wp-json\/wp\/v2\/categories?post=76516"},{"taxonomy":"post_tag","embeddable":true,"href":"https:\/\/blogdoedvaldomagalhaes.com.br\/index.php\/wp-json\/wp\/v2\/tags?post=76516"}],"curies":[{"name":"wp","href":"https:\/\/api.w.org\/{rel}","templated":true}]}}