{"id":76513,"date":"2021-10-23T12:39:54","date_gmt":"2021-10-23T15:39:54","guid":{"rendered":"https:\/\/blogdoedvaldomagalhaes.com.br\/?p=76513"},"modified":"2021-10-23T17:40:44","modified_gmt":"2021-10-23T20:40:44","slug":"abmam-realiza-acao-do-outubro-rosa-com-varias-acoes-nesta-segunda-feira-25","status":"publish","type":"post","link":"https:\/\/blogdoedvaldomagalhaes.com.br\/index.php\/2021\/10\/23\/abmam-realiza-acao-do-outubro-rosa-com-varias-acoes-nesta-segunda-feira-25\/","title":{"rendered":"ABMAM realiza a\u00e7\u00e3o do &#8220;Outubro Rosa&#8221; com v\u00e1rias a\u00e7\u00f5es nesta segunda-feira (25)"},"content":{"rendered":"<p style=\"text-align: justify;\">A ABMAM &#8211; Associa\u00e7\u00e3o dos Artes\u00e3os em Barro e Moradores do Alto do Moura, realiza nesta segunda feira (25), uma a\u00e7\u00e3o do &#8220;Outubro Rosa\u201d, com o objetivo de chamar aten\u00e7\u00e3o para a realidade do c\u00e2ncer de mama e a import\u00e2ncia do diagn\u00f3stico e tratamento precoce, com a Dra Viviane, m\u00e9dica do posto de sa\u00fade, com a nutricionista Cleyde, as t\u00e9cnicas de enfermagem Elaine Rodrigues e Carla, e a psicanalista Ana Cristina. Haver\u00e1 aferi\u00e7\u00e3o de press\u00e3o e teste de HGT e tamb\u00e9m v\u00e1rios sorteios de brindes para as mulheres participantes.<\/p>\n<p style=\"text-align: justify;\">O Evento ser\u00e1 realizado no Clube dos Artes\u00e3os, na segunda feira (26), a partir das 8 horas da manh\u00e3. O presidente da ABMAN, Helton Rodrigues, solita o comparecimento das mulheres da regi\u00e3o.<\/p>\n","protected":false},"excerpt":{"rendered":"<p>A ABMAM &#8211; Associa\u00e7\u00e3o dos Artes\u00e3os em Barro e Moradores do Alto do Moura, realiza nesta segunda feira (25), uma&hellip;<\/p>\n","protected":false},"author":1,"featured_media":76514,"comment_status":"open","ping_status":"open","sticky":false,"template":"","format":"standard","meta":{"footnotes":""},"categories":[14120],"tags":[23200,2,19532,3406,6],"class_list":["post-76513","post","type-post","status-publish","format-standard","has-post-thumbnail","hentry","category-noticias","tag-abmam-realiza-acao-do-outubro-rosa-com-varias-acoes-nesta-segunda-feira-25","tag-blog-do-edvaldo-magalhaes","tag-blog-mais-acessado-e-visualizado-de-caruaru-e-regiao","tag-caruaru","tag-noticias"],"_links":{"self":[{"href":"https:\/\/blogdoedvaldomagalhaes.com.br\/index.php\/wp-json\/wp\/v2\/posts\/76513","targetHints":{"allow":["GET"]}}],"collection":[{"href":"https:\/\/blogdoedvaldomagalhaes.com.br\/index.php\/wp-json\/wp\/v2\/posts"}],"about":[{"href":"https:\/\/blogdoedvaldomagalhaes.com.br\/index.php\/wp-json\/wp\/v2\/types\/post"}],"author":[{"embeddable":true,"href":"https:\/\/blogdoedvaldomagalhaes.com.br\/index.php\/wp-json\/wp\/v2\/users\/1"}],"replies":[{"embeddable":true,"href":"https:\/\/blogdoedvaldomagalhaes.com.br\/index.php\/wp-json\/wp\/v2\/comments?post=76513"}],"version-history":[{"count":1,"href":"https:\/\/blogdoedvaldomagalhaes.com.br\/index.php\/wp-json\/wp\/v2\/posts\/76513\/revisions"}],"predecessor-version":[{"id":76515,"href":"https:\/\/blogdoedvaldomagalhaes.com.br\/index.php\/wp-json\/wp\/v2\/posts\/76513\/revisions\/76515"}],"wp:featuredmedia":[{"embeddable":true,"href":"https:\/\/blogdoedvaldomagalhaes.com.br\/index.php\/wp-json\/wp\/v2\/media\/76514"}],"wp:attachment":[{"href":"https:\/\/blogdoedvaldomagalhaes.com.br\/index.php\/wp-json\/wp\/v2\/media?parent=76513"}],"wp:term":[{"taxonomy":"category","embeddable":true,"href":"https:\/\/blogdoedvaldomagalhaes.com.br\/index.php\/wp-json\/wp\/v2\/categories?post=76513"},{"taxonomy":"post_tag","embeddable":true,"href":"https:\/\/blogdoedvaldomagalhaes.com.br\/index.php\/wp-json\/wp\/v2\/tags?post=76513"}],"curies":[{"name":"wp","href":"https:\/\/api.w.org\/{rel}","templated":true}]}}