{"id":76510,"date":"2021-10-22T21:32:30","date_gmt":"2021-10-23T00:32:30","guid":{"rendered":"https:\/\/blogdoedvaldomagalhaes.com.br\/?p=76510"},"modified":"2021-10-22T21:32:31","modified_gmt":"2021-10-23T00:32:31","slug":"pernambuco-vai-vacinar-adolescentes-contra-a-covid-19-nas-escolas","status":"publish","type":"post","link":"https:\/\/blogdoedvaldomagalhaes.com.br\/index.php\/2021\/10\/22\/pernambuco-vai-vacinar-adolescentes-contra-a-covid-19-nas-escolas\/","title":{"rendered":"Pernambuco vai vacinar adolescentes contra a Covid-19 nas escolas"},"content":{"rendered":"<p style=\"text-align: justify;\">Durante a reuni\u00e3o com os munic\u00edpios, a Secretaria Estadual de Sa\u00fade (SES-PE) refor\u00e7ou a import\u00e2ncia da busca ativa para imuniza\u00e7\u00e3o dos adolescentes, aplica\u00e7\u00e3o de segunda dose para completude dos esquemas vacinais e aumento da cobertura do Estado que, hoje, est\u00e1 em pouco mais de 55%. Mesmo ap\u00f3s nove meses do in\u00edcio da campanha de imuniza\u00e7\u00e3o contra a Covid-19 em Pernambuco, ainda chama a aten\u00e7\u00e3o o quantitativo de munic\u00edpios com baixas coberturas vacinais, principalmente na segunda dose.<\/p>\n<p style=\"text-align: justify;\">Atualmente, a vacina\u00e7\u00e3o dos adolescentes de 12 a 17 anos est\u00e1 com a cobertura de 44% para a primeira dose. Em virtude disso, nesta quinta, foi pactuado em reuni\u00e3o da Comiss\u00e3o Intergestores Bipartite a recomenda\u00e7\u00e3o de se fazer a busca ativa para vacinar esse p\u00fablico nas escolas, j\u00e1 que historicamente esse contingente \u00e9 um dos mais dif\u00edceis de vacinar, porque n\u00e3o procuram os servi\u00e7os de sa\u00fade de maneira espont\u00e2nea.<\/p>\n","protected":false},"excerpt":{"rendered":"<p>Durante a reuni\u00e3o com os munic\u00edpios, a Secretaria Estadual de Sa\u00fade (SES-PE) refor\u00e7ou a import\u00e2ncia da busca ativa para imuniza\u00e7\u00e3o&hellip;<\/p>\n","protected":false},"author":1,"featured_media":76511,"comment_status":"open","ping_status":"open","sticky":false,"template":"","format":"standard","meta":{"footnotes":""},"categories":[14120],"tags":[2,19532,17559,6,19670,23198],"class_list":["post-76510","post","type-post","status-publish","format-standard","has-post-thumbnail","hentry","category-noticias","tag-blog-do-edvaldo-magalhaes","tag-blog-mais-acessado-e-visualizado-de-caruaru-e-regiao","tag-covid-19","tag-noticias","tag-novo-coronavirus","tag-pernambuco-vai-vacinar-adolescentes-contra-a-covid-19-nas-escolas"],"_links":{"self":[{"href":"https:\/\/blogdoedvaldomagalhaes.com.br\/index.php\/wp-json\/wp\/v2\/posts\/76510","targetHints":{"allow":["GET"]}}],"collection":[{"href":"https:\/\/blogdoedvaldomagalhaes.com.br\/index.php\/wp-json\/wp\/v2\/posts"}],"about":[{"href":"https:\/\/blogdoedvaldomagalhaes.com.br\/index.php\/wp-json\/wp\/v2\/types\/post"}],"author":[{"embeddable":true,"href":"https:\/\/blogdoedvaldomagalhaes.com.br\/index.php\/wp-json\/wp\/v2\/users\/1"}],"replies":[{"embeddable":true,"href":"https:\/\/blogdoedvaldomagalhaes.com.br\/index.php\/wp-json\/wp\/v2\/comments?post=76510"}],"version-history":[{"count":1,"href":"https:\/\/blogdoedvaldomagalhaes.com.br\/index.php\/wp-json\/wp\/v2\/posts\/76510\/revisions"}],"predecessor-version":[{"id":76512,"href":"https:\/\/blogdoedvaldomagalhaes.com.br\/index.php\/wp-json\/wp\/v2\/posts\/76510\/revisions\/76512"}],"wp:featuredmedia":[{"embeddable":true,"href":"https:\/\/blogdoedvaldomagalhaes.com.br\/index.php\/wp-json\/wp\/v2\/media\/76511"}],"wp:attachment":[{"href":"https:\/\/blogdoedvaldomagalhaes.com.br\/index.php\/wp-json\/wp\/v2\/media?parent=76510"}],"wp:term":[{"taxonomy":"category","embeddable":true,"href":"https:\/\/blogdoedvaldomagalhaes.com.br\/index.php\/wp-json\/wp\/v2\/categories?post=76510"},{"taxonomy":"post_tag","embeddable":true,"href":"https:\/\/blogdoedvaldomagalhaes.com.br\/index.php\/wp-json\/wp\/v2\/tags?post=76510"}],"curies":[{"name":"wp","href":"https:\/\/api.w.org\/{rel}","templated":true}]}}