{"id":7645,"date":"2016-11-19T12:41:00","date_gmt":"2016-11-19T14:41:00","guid":{"rendered":"http:\/\/blogdoedvaldomagalhaes.com.br\/index.php\/2016\/11\/19\/festverao-porto-de-galinhas-e-cancelado\/"},"modified":"2019-02-09T01:06:52","modified_gmt":"2019-02-09T03:06:52","slug":"festverao-porto-de-galinhas-e-cancelado","status":"publish","type":"post","link":"https:\/\/blogdoedvaldomagalhaes.com.br\/index.php\/2016\/11\/19\/festverao-porto-de-galinhas-e-cancelado\/","title":{"rendered":"FestVer\u00e3o Porto de Galinhas \u00e9 cancelado"},"content":{"rendered":"<div class=\"separator\" style=\"clear: both; text-align: center;\">\n<a href=\"https:\/\/3.bp.blogspot.com\/-deAqb9qSUeA\/WDBH_90WrBI\/AAAAAAAAKHI\/V7LEZfZeUvsq1zQwcHjA3YImqxHIL6y-QCLcB\/s1600\/ver%25C3%25A3o.jpg\" imageanchor=\"1\" style=\"margin-left: 1em; margin-right: 1em;\"><img loading=\"lazy\" decoding=\"async\" border=\"0\" height=\"400\" src=\"http:\/\/blogdoedvaldomagalhaes.com.br\/wp-content\/uploads\/2016\/11\/verC3A3o.jpg\" width=\"356\" \/><\/a><\/div>\n<div style=\"background-color: white; box-sizing: border-box; color: #222222; font-family: Verdana, Geneva, sans-serif; font-size: 15px; line-height: 26px; margin-bottom: 26px;\">\n<\/div>\n<div style=\"background-color: white; box-sizing: border-box; line-height: 26px; margin-bottom: 26px; text-align: justify;\">\nNOTA DE ESCLARECIMENTO<\/div>\n<div style=\"background-color: white; box-sizing: border-box; line-height: 26px; margin-bottom: 26px; text-align: justify;\">\nA Luan Promo\u00e7\u00f5es informa, que em decorr\u00eancia da suspens\u00e3o do processo de licenciamento ambiental pela Prefeitura de Ipojuca para realiza\u00e7\u00e3o das obras de terraplanagem do Centro de Cultura e Lazer (Arena Porto) por recomenda\u00e7\u00e3o do Minist\u00e9rio P\u00fablico de Pernambuco, em respeito \u00e0s institui\u00e7\u00f5es envolvidas e a popula\u00e7\u00e3o em geral, e visando construir um di\u00e1logo positivo com a comunidade de Porto de Galinhas para esclarecer in\u00fameros equ\u00edvocos veiculados pela m\u00eddia, resolveu, apesar dos vultosos preju\u00edzos seguidos, CANCELAR a realiza\u00e7\u00e3o do FestVer\u00e3o Porto que ocorreria em janeiro de 2017.<\/div>\n<div style=\"background-color: white; box-sizing: border-box; line-height: 26px; margin-bottom: 26px; text-align: justify;\">\nComunicamos que o principal objetivo da constru\u00e7\u00e3o do Centro de Cultura e Lazer \u00e9 o de promover o desenvolvimento econ\u00f4mico, tur\u00edstico e social de Porto de Galinhas, de Ipojuca e de Pernambuco, cuja terraplanagem foi iniciada, apenas e exclusivamente, ap\u00f3s a expedi\u00e7\u00e3o das respectivas licen\u00e7as pelo munic\u00edpio de Ipojuca, nos termos da legisla\u00e7\u00e3o vigente.<\/div>\n<div style=\"background-color: white; box-sizing: border-box; line-height: 26px; margin-bottom: 26px; text-align: justify;\">\nAssim, acreditando que o projeto ir\u00e1 contribuir com o desenvolvimento de Porto, visamos estimular melhorias locais de infraestrutura, acessos e qualifica\u00e7\u00e3o profissional da comunidade, junto com \u00f3rg\u00e3os envolvidos, empresariado local e popula\u00e7\u00e3o, sempre respeitando e preservando o meio ambiente.<\/div>\n<div style=\"background-color: white; box-sizing: border-box; line-height: 26px; margin-bottom: 26px; text-align: justify;\">\nRefor\u00e7amos que a nossa atua\u00e7\u00e3o foi, e sempre ser\u00e1, pautada nos estritos termos das leis vigentes e em respeito \u00e0s institui\u00e7\u00f5es e ao di\u00e1logo com a comunidade e com a sociedade em geral.<\/div>\n<div style=\"background-color: white; box-sizing: border-box; line-height: 26px; margin-bottom: 26px; text-align: justify;\">\nLUAN PROMO\u00c7\u00d5ES<\/div>\n","protected":false},"excerpt":{"rendered":"<p>NOTA DE ESCLARECIMENTO A Luan Promo\u00e7\u00f5es informa, que em decorr\u00eancia da suspens\u00e3o do processo de licenciamento ambiental pela Prefeitura de&hellip;<\/p>\n","protected":false},"author":1,"featured_media":0,"comment_status":"open","ping_status":"open","sticky":false,"template":"","format":"standard","meta":{"footnotes":""},"categories":[1],"tags":[11017,2,11018,11019,6],"class_list":["post-7645","post","type-post","status-publish","format-standard","hentry","category-sem-categoria","tag-arena-porto","tag-blog-do-edvaldo-magalhaes","tag-festverao-porto-de-galinhas-e-cancelado","tag-luan-promocoes","tag-noticias"],"_links":{"self":[{"href":"https:\/\/blogdoedvaldomagalhaes.com.br\/index.php\/wp-json\/wp\/v2\/posts\/7645","targetHints":{"allow":["GET"]}}],"collection":[{"href":"https:\/\/blogdoedvaldomagalhaes.com.br\/index.php\/wp-json\/wp\/v2\/posts"}],"about":[{"href":"https:\/\/blogdoedvaldomagalhaes.com.br\/index.php\/wp-json\/wp\/v2\/types\/post"}],"author":[{"embeddable":true,"href":"https:\/\/blogdoedvaldomagalhaes.com.br\/index.php\/wp-json\/wp\/v2\/users\/1"}],"replies":[{"embeddable":true,"href":"https:\/\/blogdoedvaldomagalhaes.com.br\/index.php\/wp-json\/wp\/v2\/comments?post=7645"}],"version-history":[{"count":1,"href":"https:\/\/blogdoedvaldomagalhaes.com.br\/index.php\/wp-json\/wp\/v2\/posts\/7645\/revisions"}],"predecessor-version":[{"id":14242,"href":"https:\/\/blogdoedvaldomagalhaes.com.br\/index.php\/wp-json\/wp\/v2\/posts\/7645\/revisions\/14242"}],"wp:attachment":[{"href":"https:\/\/blogdoedvaldomagalhaes.com.br\/index.php\/wp-json\/wp\/v2\/media?parent=7645"}],"wp:term":[{"taxonomy":"category","embeddable":true,"href":"https:\/\/blogdoedvaldomagalhaes.com.br\/index.php\/wp-json\/wp\/v2\/categories?post=7645"},{"taxonomy":"post_tag","embeddable":true,"href":"https:\/\/blogdoedvaldomagalhaes.com.br\/index.php\/wp-json\/wp\/v2\/tags?post=7645"}],"curies":[{"name":"wp","href":"https:\/\/api.w.org\/{rel}","templated":true}]}}