{"id":7644,"date":"2016-11-19T13:58:00","date_gmt":"2016-11-19T15:58:00","guid":{"rendered":"http:\/\/blogdoedvaldomagalhaes.com.br\/index.php\/2016\/11\/19\/raquel-lyra-vai-extinguir-algumas\/"},"modified":"2019-02-09T01:06:52","modified_gmt":"2019-02-09T03:06:52","slug":"raquel-lyra-vai-extinguir-algumas","status":"publish","type":"post","link":"https:\/\/blogdoedvaldomagalhaes.com.br\/index.php\/2016\/11\/19\/raquel-lyra-vai-extinguir-algumas\/","title":{"rendered":"Raquel Lyra vai extinguir algumas secretarias municipais para enxugar a m\u00e1quina"},"content":{"rendered":"<div class=\"separator\" style=\"clear: both; text-align: center;\">\n<a href=\"https:\/\/4.bp.blogspot.com\/-2HWeFr2w63s\/WDBWCS7DFwI\/AAAAAAAAKHY\/OGk2F5cUnl4_Aiz_xH_4247geJKja68DACLcB\/s1600\/raquel.jpg\" imageanchor=\"1\" style=\"margin-left: 1em; margin-right: 1em;\"><img loading=\"lazy\" decoding=\"async\" border=\"0\" height=\"266\" src=\"http:\/\/blogdoedvaldomagalhaes.com.br\/wp-content\/uploads\/2016\/11\/raquel-4.jpg\" width=\"400\" \/><\/a><\/div>\n<div class=\"separator\" style=\"clear: both; text-align: center;\">\n<\/div>\n<div style=\"background-color: white; border: 0px; margin-bottom: 1.5em; outline: 0px; padding: 0px; vertical-align: baseline;\">\n<\/div>\n<div style=\"text-align: justify;\">\nA prefeita eleita Raquel Lyra (PSDB), comandou na manh\u00e3 dessa sexta-feira (18) a primeira reuni\u00e3o das equipes de transi\u00e7\u00e3o do atual e do futuro Governo Municipal. A reuni\u00e3o aconteceu na sede da Superintend\u00eancia da Caixa Econ\u00f4mica Federal, no bairro Universit\u00e1rio, em Caruaru. Raquel \u00e9 autora da lei que obriga os prefeitos que est\u00e3o deixando o cargo a passar todas as informa\u00e7\u00f5es (Lei de Transi\u00e7\u00e3o), a deputada estadual mostrou-se motivada em ter que cumprir uma Lei criada por ela.<\/div>\n<div style=\"text-align: justify;\">\n<\/div>\n<p><\/p>\n<div style=\"text-align: justify;\">\nParticiparam da reuni\u00e3o al\u00e9m de membros das duas comiss\u00f5es, os secret\u00e1rios municipais da gest\u00e3o Jos\u00e9 Queiroz (PDT): Rui Lira (coordenador da comiss\u00e3o), Alex Monteiro (presidente da Destra), L\u00facia Lima (presidente da Funda\u00e7\u00e3o de Cultura e Turismo), Aldo Arruda (presidente da URB), Marcos Cas\u00e9 (diretor-presidente da Ceaca), Gra\u00e7a Rosal (Educa\u00e7\u00e3o), Ant\u00f4nio Ademildo (Administra\u00e7\u00e3o), Bruno Lagos (infraestrutura), e alguns t\u00e9cnicos. Na equipe da prefeita eleita participaram Rubens J\u00fanior, Jos\u00e9 Pereira, Julianne Pepeu, H\u00e9lio J\u00fanior, Murilo Curvelo, o vice-prefeito Rodrigo Pinheiro, entre outros assessores.<\/p>\n<\/div>\n<div style=\"background-color: white; border: 0px; margin-bottom: 1.5em; outline: 0px; padding: 0px; text-align: justify; vertical-align: baseline;\">\nA prefeita eleita Raquel Lyra ter\u00e1 acesso a todas as informa\u00e7\u00f5es necess\u00e1rias para come\u00e7ar sua gest\u00e3o no dia primeiro de janeiro. Foi elaborado um calend\u00e1rio de apresenta\u00e7\u00f5es com conv\u00eanios, equipe de pessoal, tudo o que est\u00e1 na Lei de Transi\u00e7\u00e3o. Ela disse que vai fazer uma profunda avalia\u00e7\u00e3o das atuais secretarias, deixando a entender que algumas ser\u00e3o extintas. \u201cN\u00f3s vamos enxugar \u00e1 m\u00e1quina para que sobre mais recursos para que possamos cumprir o que prometemos em campanha. Nesse momento de crise que o pa\u00eds vive \u00e9 fundamental gastar menos com \u00e0 m\u00e1quina e mais com a popula\u00e7\u00e3o\u201d, disse Raquel Lyra.<\/div>\n","protected":false},"excerpt":{"rendered":"<p>A prefeita eleita Raquel Lyra (PSDB), comandou na manh\u00e3 dessa sexta-feira (18) a primeira reuni\u00e3o das equipes de transi\u00e7\u00e3o do&hellip;<\/p>\n","protected":false},"author":1,"featured_media":0,"comment_status":"open","ping_status":"open","sticky":false,"template":"","format":"standard","meta":{"footnotes":""},"categories":[1],"tags":[3385,9953,8705,11014,11015,9442,20,11016,9039],"class_list":["post-7644","post","type-post","status-publish","format-standard","hentry","category-sem-categoria","tag-alex-monteiro","tag-antonio-ademildo","tag-blog-do-edvaldo-caruaru","tag-graca-rosal","tag-lucia-lima","tag-marco-case","tag-politica","tag-raquel-lyra-vai-extinguir-algumas-secretarias-municipais-e-enxugar-a-maquina","tag-rui-lira"],"_links":{"self":[{"href":"https:\/\/blogdoedvaldomagalhaes.com.br\/index.php\/wp-json\/wp\/v2\/posts\/7644","targetHints":{"allow":["GET"]}}],"collection":[{"href":"https:\/\/blogdoedvaldomagalhaes.com.br\/index.php\/wp-json\/wp\/v2\/posts"}],"about":[{"href":"https:\/\/blogdoedvaldomagalhaes.com.br\/index.php\/wp-json\/wp\/v2\/types\/post"}],"author":[{"embeddable":true,"href":"https:\/\/blogdoedvaldomagalhaes.com.br\/index.php\/wp-json\/wp\/v2\/users\/1"}],"replies":[{"embeddable":true,"href":"https:\/\/blogdoedvaldomagalhaes.com.br\/index.php\/wp-json\/wp\/v2\/comments?post=7644"}],"version-history":[{"count":1,"href":"https:\/\/blogdoedvaldomagalhaes.com.br\/index.php\/wp-json\/wp\/v2\/posts\/7644\/revisions"}],"predecessor-version":[{"id":14244,"href":"https:\/\/blogdoedvaldomagalhaes.com.br\/index.php\/wp-json\/wp\/v2\/posts\/7644\/revisions\/14244"}],"wp:attachment":[{"href":"https:\/\/blogdoedvaldomagalhaes.com.br\/index.php\/wp-json\/wp\/v2\/media?parent=7644"}],"wp:term":[{"taxonomy":"category","embeddable":true,"href":"https:\/\/blogdoedvaldomagalhaes.com.br\/index.php\/wp-json\/wp\/v2\/categories?post=7644"},{"taxonomy":"post_tag","embeddable":true,"href":"https:\/\/blogdoedvaldomagalhaes.com.br\/index.php\/wp-json\/wp\/v2\/tags?post=7644"}],"curies":[{"name":"wp","href":"https:\/\/api.w.org\/{rel}","templated":true}]}}