{"id":76439,"date":"2021-10-21T20:19:50","date_gmt":"2021-10-21T23:19:50","guid":{"rendered":"https:\/\/blogdoedvaldomagalhaes.com.br\/?p=76439"},"modified":"2021-10-21T23:07:54","modified_gmt":"2021-10-22T02:07:54","slug":"vereador-irmao-ronaldo-pede-programa-permanente-de-reforco-escolar-e-ar-condicionado-nas-salas-de-aula-da-rede-municipal","status":"publish","type":"post","link":"https:\/\/blogdoedvaldomagalhaes.com.br\/index.php\/2021\/10\/21\/vereador-irmao-ronaldo-pede-programa-permanente-de-reforco-escolar-e-ar-condicionado-nas-salas-de-aula-da-rede-municipal\/","title":{"rendered":"Vereador Irm\u00e3o Ronaldo pede programa permanente de refor\u00e7o escolar e ar condicionado nas salas de aula da rede municipal"},"content":{"rendered":"<p style=\"text-align: justify;\">Confira as Proposituras de autoria do vereador Irm\u00e3o Ronaldo, na C\u00e2mara Municipal de Caruaru:<\/p>\n<p style=\"text-align: justify;\"><a href=\"http:\/\/sapl.caruaru.pe.leg.br\/materia\/17056\"><b>PL 8791\/2021 &#8211; PROJETO DE LEI<\/b><span style=\"font-weight: 400;\"><br><\/span><\/a><b>Ementa:<\/b><span style=\"font-weight: 400;\">&nbsp;Disp\u00f5e sobre a ado\u00e7\u00e3o de sistema de ar condicionado de refrigera\u00e7\u00e3o, nas salas de aula de escolas e institui\u00e7\u00f5es de ensino p\u00fablico municipal.<\/span><\/p>\n<p style=\"text-align: justify;\"><a href=\"http:\/\/sapl.caruaru.pe.leg.br\/materia\/17201\"><b>PL 8808\/2021 &#8211; PROJETO DE LEI<\/b><span style=\"font-weight: 400;\"><br><\/span><\/a><b>Ementa:<\/b><span style=\"font-weight: 400;\">&nbsp;Cria o Programa Permanente de Refor\u00e7o Escolar aos alunos matriculados nas unidades municipais de ensino<\/span><\/p>\n<p style=\"text-align: justify;\"><a href=\"http:\/\/sapl.caruaru.pe.leg.br\/materia\/17204\"><b>PL 8811\/2021 &#8211; PROJETO DE LEI<\/b><span style=\"font-weight: 400;\"><br><\/span><\/a><b>Ementa:<\/b><span style=\"font-weight: 400;\">&nbsp;<\/span><span style=\"font-weight: 400;\">Instituem Diretrizes para a Inclus\u00e3o da Capacita\u00e7\u00e3o em \u201cNo\u00e7\u00f5es de Primeiros Socorros\u201d para os funcion\u00e1rios das academias de ginasticas e similares localizadas no munic\u00edpio de Caruaru.<\/span><\/p>\n<p style=\"text-align: justify;\"><a href=\"http:\/\/sapl.caruaru.pe.leg.br\/materia\/17304\"><b>PL 8823\/2021 &#8211; PROJETO DE LEI<\/b><span style=\"font-weight: 400;\"><br><\/span><\/a><b>Ementa:<\/b><span style=\"font-weight: 400;\">&nbsp;<\/span><span style=\"font-weight: 400;\">Disp\u00f5e sobre o \u201cPortal da Transpar\u00eancia da Qualidade do Ensino das Escolas P\u00fablicas da Rede Municipal de Caruaru\u201d e d\u00e1 outras provid\u00eancias.<\/span><\/p>\n<p style=\"text-align: justify;\"><b>REQUERIMENTOS DESTA SEMANA DE AUTORIA DO VEREADOR IRM\u00c3O RONALDO&nbsp;<\/b><\/p>\n<p style=\"text-align: justify;\"><a href=\"http:\/\/sapl.caruaru.pe.leg.br\/materia\/21959\"><span style=\"font-weight: 400;\">REQUERIMENTO n\u00ba 3640 de 2021<\/span><\/a> <span style=\"font-weight: 400;\">Secret\u00e1rio de Servi\u00e7os P\u00fablicos, Ilm.\u00ba Sr.\u00ba Ytalo Farias, para que envidem esfor\u00e7os no sentido de fazer a Retirada de Entulhos e a Capina\u00e7\u00e3o no terreno de \u00e1rea verde que ficam localizado ao lado do Centro Municipal de Educa\u00e7\u00e3o Infantil (CMEI) Professor Carlos Ant\u00f4nio Amaral, na Avenida RADIALISTA ARLINDO SILVA, Jardim Boa Vista.<\/span><\/p>\n<p style=\"text-align: justify;\"><a href=\"http:\/\/sapl.caruaru.pe.leg.br\/materia\/22006\"><span style=\"font-weight: 400;\">REQUERIMENTO n\u00ba 3674 de 2021<\/span><\/a> <span style=\"font-weight: 400;\">Secret\u00e1rio de Servi\u00e7os P\u00fablicos, Ilm.\u00ba Sr.\u00ba Ytalo Farias, para que envidem esfor\u00e7os no sentido de fazer a Capina\u00e7\u00e3o e a Retirada de entulhos na AVENIDA RADIALISTA FRAN\u00c7OISE, e no terreno de \u00e1rea verde ao seu lado, bairro Jardim Boa Vista.<\/span><\/p>\n<p style=\"text-align: justify;\"><a href=\"http:\/\/sapl.caruaru.pe.leg.br\/materia\/22007\"><span style=\"font-weight: 400;\">REQUERIMENTO n\u00ba 3675 de 2021<\/span><\/a> <span style=\"font-weight: 400;\">Secret\u00e1rio de Servi\u00e7os P\u00fablicos, Ilm.\u00ba Sr.\u00ba Ytalo Farias, para que envidem esfor\u00e7os no sentido de fazer a Retirada de Entulhos e a Capina\u00e7\u00e3o no terreno trevo localizado na Rua Mariana, loteamento Bara\u00fana e o final da avenida Jo\u00e3o soares de Lira, Jardim Boa Vista.<\/span><\/p>\n<p style=\"text-align: justify;\"><a href=\"http:\/\/sapl.caruaru.pe.leg.br\/materia\/22008\"><span style=\"font-weight: 400;\">REQUERIMENTO n\u00ba 3676 de 2021<\/span><\/a> <span style=\"font-weight: 400;\">Secret\u00e1rio de Servi\u00e7os P\u00fablicos, Ilm.\u00ba Sr.\u00ba Ytalo Farias, para que envidem esfor\u00e7os no sentido de fazer a Capina\u00e7\u00e3o e a Retirada de entulhos na Estrada principal que passa pelo loteamento Bara\u00fana e segue para zona rural.<\/span><\/p>\n<p style=\"text-align: justify;\"><a href=\"http:\/\/sapl.caruaru.pe.leg.br\/materia\/22058\"><span style=\"font-weight: 400;\">REQUERIMENTO n\u00ba 3716 de 2021<\/span><\/a> <span style=\"font-weight: 400;\">Sess\u00e3o VOTOS DE APLAUSOS E CONGRATULA\u00c7\u00d5ES \u00e0 Prefeitura Municipal de Caruaru, em nome da Prefeita Raquel Lyra, extensivos \u00e0 equipe da Secretaria de Infraestrutura Urbana e Obras-SEURB na pessoa do Secret\u00e1rio Rodrigo Miranda Tabosa de Assis e as demais secretarias envolvidas, pela conclus\u00e3o da obra da Escola Municipal Tom\u00e9 Claudino Torres, no S\u00edtio Serra dos Cavalos.<\/span><\/p>\n<p style=\"text-align: justify;\"><a href=\"http:\/\/sapl.caruaru.pe.leg.br\/materia\/22066\"><span style=\"font-weight: 400;\">REQUERIMENTO n\u00ba 3722 de 2021<\/span><\/a> <span style=\"font-weight: 400;\">Secret\u00e1rio de Servi\u00e7os P\u00fablicos, Ilm.\u00ba Sr.\u00ba Ytalo Farias, para que envidem esfor\u00e7os no sentido de fazer a Retirada de Entulhos e a Capina\u00e7\u00e3o na cal\u00e7ada de esquina em frente ao sem\u00e1foro que fica no cruzamento das avenidas Caruaru e Z\u00e9 Tatu, e nos dois terrenos de esquina localizado ao lado do edif\u00edcio Verde Esmeralda na Avenida Z\u00e9 Tatu, bairro Maria Auxiliadora.<\/span><\/p>\n<p style=\"text-align: justify;\"><a href=\"http:\/\/sapl.caruaru.pe.leg.br\/materia\/22067\"><span style=\"font-weight: 400;\">REQUERIMENTO n\u00ba 3723 de 2021<\/span><\/a><span style=\"font-weight: 400;\">&nbsp; <\/span><span style=\"font-weight: 400;\">Prefeita do Munic\u00edpio de Caruaru, Raquel Teixeira Lyra, extensivo aos Secret\u00e1rios: de Infraestrutura Urbana e Obras, Rodrigo Miranda e ao Secret\u00e1rio de Governo Eduardo Vieira, para que se viabilize a Reforma e Requalifica\u00e7\u00e3o da Pra\u00e7a Chico Porto, localizada na avenida Dr. Pedro Jord\u00e3o, bairro Maur\u00edcio de Nassau.<\/span><\/p>\n<p style=\"text-align: justify;\"><a href=\"http:\/\/sapl.caruaru.pe.leg.br\/materia\/22068\"><span style=\"font-weight: 400;\">REQUERIMENTO n\u00ba 3724 de 2021<\/span><\/a> <span style=\"font-weight: 400;\">Secret\u00e1rio de Servi\u00e7os P\u00fablicos, Ilm.\u00ba Sr.\u00ba Ytalo Farias, para que envidem esfor\u00e7os no sentido de fazer a Retirada de Entulhos e a Capina\u00e7\u00e3o na Rua Jos\u00e9 Claudino de Mac\u00eado, bairro Maria Auxiliadora.<\/span><\/p>\n<p style=\"text-align: justify;\"><a href=\"http:\/\/sapl.caruaru.pe.leg.br\/materia\/22081\"><span style=\"font-weight: 400;\">REQUERIMENTO n\u00ba 3734 de 2021<\/span><\/a> <span style=\"font-weight: 400;\">Secret\u00e1rio de Infraestrutura e Obras, Sr. Rodrigo Miranda ao Secret\u00e1rio de Servi\u00e7os P\u00fablicos, Ilm.\u00ba Sr.\u00ba Ytalo Farias, para que envidem esfor\u00e7os no sentido de fazer o Desentupimento de Esgoto localizado na Rua Batista Campos, 55 \u00e9 o n\u00famero da casa, e o CEP- 55014-075, Maur\u00edcio de Nassau, Pr\u00f3ximo ao Uni Compras.<\/span><\/p>\n<p style=\"text-align: justify;\"><span style=\"font-weight: 400;\">REQUERIMENTO n\u00ba&nbsp; <\/span><span style=\"font-weight: 400;\">Secret\u00e1rio de Servi\u00e7os P\u00fablicos, Ilm.\u00ba Sr.\u00ba Ytalo Farias, para que envidem esfor\u00e7os no sentido de fazer a Retirada de Entulhos e a Capina\u00e7\u00e3o na Rua Quit\u00e9ria Francisca da Silva , bairro Maria Auxiliadora, por tr\u00e1s do Hospital Municipal Dr. Manoel Afonso Porto Neto.<\/span><\/p>\n\n\n<figure class=\"wp-block-image size-large\"><img loading=\"lazy\" decoding=\"async\" width=\"1024\" height=\"768\" src=\"https:\/\/blogdoedvaldomagalhaes.com.br\/wp-content\/uploads\/2021\/10\/IMG-20211021-WA0254-1024x768.jpg\" alt=\"\" class=\"wp-image-76443\" srcset=\"https:\/\/blogdoedvaldomagalhaes.com.br\/wp-content\/uploads\/2021\/10\/IMG-20211021-WA0254-1024x768.jpg 1024w, https:\/\/blogdoedvaldomagalhaes.com.br\/wp-content\/uploads\/2021\/10\/IMG-20211021-WA0254-300x225.jpg 300w, https:\/\/blogdoedvaldomagalhaes.com.br\/wp-content\/uploads\/2021\/10\/IMG-20211021-WA0254-768x576.jpg 768w, https:\/\/blogdoedvaldomagalhaes.com.br\/wp-content\/uploads\/2021\/10\/IMG-20211021-WA0254-160x120.jpg 160w, https:\/\/blogdoedvaldomagalhaes.com.br\/wp-content\/uploads\/2021\/10\/IMG-20211021-WA0254.jpg 1156w\" sizes=\"auto, (max-width: 1024px) 100vw, 1024px\" \/><\/figure>\n\n\n\n<figure class=\"wp-block-image size-large\"><img loading=\"lazy\" decoding=\"async\" width=\"1024\" height=\"768\" src=\"https:\/\/blogdoedvaldomagalhaes.com.br\/wp-content\/uploads\/2021\/10\/IMG-20211021-WA0256-1024x768.jpg\" alt=\"\" class=\"wp-image-76444\" srcset=\"https:\/\/blogdoedvaldomagalhaes.com.br\/wp-content\/uploads\/2021\/10\/IMG-20211021-WA0256-1024x768.jpg 1024w, https:\/\/blogdoedvaldomagalhaes.com.br\/wp-content\/uploads\/2021\/10\/IMG-20211021-WA0256-300x225.jpg 300w, https:\/\/blogdoedvaldomagalhaes.com.br\/wp-content\/uploads\/2021\/10\/IMG-20211021-WA0256-768x576.jpg 768w, https:\/\/blogdoedvaldomagalhaes.com.br\/wp-content\/uploads\/2021\/10\/IMG-20211021-WA0256-160x120.jpg 160w, https:\/\/blogdoedvaldomagalhaes.com.br\/wp-content\/uploads\/2021\/10\/IMG-20211021-WA0256.jpg 1156w\" sizes=\"auto, (max-width: 1024px) 100vw, 1024px\" \/><\/figure>\n\n\n<p style=\"text-align: justify;\">O vereador Irm\u00e3o Ronaldo est\u00e1 participando da abertura dos jogos escolares de Caruaru ao lado da prefeita de Caruaru, Raquel Lyra, no Campus da Faculdade ASCES.<\/p>\n\n\n<figure class=\"wp-block-image size-large\"><img loading=\"lazy\" decoding=\"async\" width=\"768\" height=\"1024\" src=\"https:\/\/blogdoedvaldomagalhaes.com.br\/wp-content\/uploads\/2021\/10\/IMG-20211021-WA0280-768x1024.jpg\" alt=\"\" class=\"wp-image-76453\" srcset=\"https:\/\/blogdoedvaldomagalhaes.com.br\/wp-content\/uploads\/2021\/10\/IMG-20211021-WA0280-768x1024.jpg 768w, https:\/\/blogdoedvaldomagalhaes.com.br\/wp-content\/uploads\/2021\/10\/IMG-20211021-WA0280-225x300.jpg 225w, https:\/\/blogdoedvaldomagalhaes.com.br\/wp-content\/uploads\/2021\/10\/IMG-20211021-WA0280.jpg 867w\" sizes=\"auto, (max-width: 768px) 100vw, 768px\" \/><figcaption>Raquel Lyra, Irm\u00e3o Ronaldo e Bruno Lambreta<\/figcaption><\/figure>\n\n\n\n<figure class=\"wp-block-image size-large\"><img loading=\"lazy\" decoding=\"async\" width=\"768\" height=\"1024\" src=\"https:\/\/blogdoedvaldomagalhaes.com.br\/wp-content\/uploads\/2021\/10\/IMG-20211021-WA0323-768x1024.jpg\" alt=\"\" class=\"wp-image-76462\" srcset=\"https:\/\/blogdoedvaldomagalhaes.com.br\/wp-content\/uploads\/2021\/10\/IMG-20211021-WA0323-768x1024.jpg 768w, https:\/\/blogdoedvaldomagalhaes.com.br\/wp-content\/uploads\/2021\/10\/IMG-20211021-WA0323-225x300.jpg 225w, https:\/\/blogdoedvaldomagalhaes.com.br\/wp-content\/uploads\/2021\/10\/IMG-20211021-WA0323-1152x1536.jpg 1152w, https:\/\/blogdoedvaldomagalhaes.com.br\/wp-content\/uploads\/2021\/10\/IMG-20211021-WA0323.jpg 1200w\" sizes=\"auto, (max-width: 768px) 100vw, 768px\" \/><figcaption>Matheus Freitas, Irm\u00e3o Ronaldo e Bruno Fran\u00e7a<\/figcaption><\/figure>\n\n\n\n<figure class=\"wp-block-image size-large\"><img loading=\"lazy\" decoding=\"async\" width=\"768\" height=\"1024\" src=\"https:\/\/blogdoedvaldomagalhaes.com.br\/wp-content\/uploads\/2021\/10\/IMG-20211021-WA0322-768x1024.jpg\" alt=\"\" class=\"wp-image-76463\" srcset=\"https:\/\/blogdoedvaldomagalhaes.com.br\/wp-content\/uploads\/2021\/10\/IMG-20211021-WA0322-768x1024.jpg 768w, https:\/\/blogdoedvaldomagalhaes.com.br\/wp-content\/uploads\/2021\/10\/IMG-20211021-WA0322-225x300.jpg 225w, https:\/\/blogdoedvaldomagalhaes.com.br\/wp-content\/uploads\/2021\/10\/IMG-20211021-WA0322-1152x1536.jpg 1152w, https:\/\/blogdoedvaldomagalhaes.com.br\/wp-content\/uploads\/2021\/10\/IMG-20211021-WA0322.jpg 1200w\" sizes=\"auto, (max-width: 768px) 100vw, 768px\" \/><figcaption>Secret\u00e1rio de Educa\u00e7\u00e3o, Jo\u00e3o Paulo e vereador Irm\u00e3o Ronaldo<\/figcaption><\/figure>\n","protected":false},"excerpt":{"rendered":"<p>Confira as Proposituras de autoria do vereador Irm\u00e3o Ronaldo, na C\u00e2mara Municipal de Caruaru: PL 8791\/2021 &#8211; PROJETO DE LEIEmenta:&nbsp;Disp\u00f5e&hellip;<\/p>\n","protected":false},"author":1,"featured_media":76440,"comment_status":"open","ping_status":"open","sticky":false,"template":"","format":"standard","meta":{"footnotes":""},"categories":[14122],"tags":[2,19532,3406,6,20,23183],"class_list":["post-76439","post","type-post","status-publish","format-standard","has-post-thumbnail","hentry","category-politica","tag-blog-do-edvaldo-magalhaes","tag-blog-mais-acessado-e-visualizado-de-caruaru-e-regiao","tag-caruaru","tag-noticias","tag-politica","tag-vereador-irmao-ronaldo-pede-programa-permanente-de-reforco-escolar-e-ar-condicionado-nas-salas-de-aula-da-rede-municipal"],"_links":{"self":[{"href":"https:\/\/blogdoedvaldomagalhaes.com.br\/index.php\/wp-json\/wp\/v2\/posts\/76439","targetHints":{"allow":["GET"]}}],"collection":[{"href":"https:\/\/blogdoedvaldomagalhaes.com.br\/index.php\/wp-json\/wp\/v2\/posts"}],"about":[{"href":"https:\/\/blogdoedvaldomagalhaes.com.br\/index.php\/wp-json\/wp\/v2\/types\/post"}],"author":[{"embeddable":true,"href":"https:\/\/blogdoedvaldomagalhaes.com.br\/index.php\/wp-json\/wp\/v2\/users\/1"}],"replies":[{"embeddable":true,"href":"https:\/\/blogdoedvaldomagalhaes.com.br\/index.php\/wp-json\/wp\/v2\/comments?post=76439"}],"version-history":[{"count":5,"href":"https:\/\/blogdoedvaldomagalhaes.com.br\/index.php\/wp-json\/wp\/v2\/posts\/76439\/revisions"}],"predecessor-version":[{"id":76466,"href":"https:\/\/blogdoedvaldomagalhaes.com.br\/index.php\/wp-json\/wp\/v2\/posts\/76439\/revisions\/76466"}],"wp:featuredmedia":[{"embeddable":true,"href":"https:\/\/blogdoedvaldomagalhaes.com.br\/index.php\/wp-json\/wp\/v2\/media\/76440"}],"wp:attachment":[{"href":"https:\/\/blogdoedvaldomagalhaes.com.br\/index.php\/wp-json\/wp\/v2\/media?parent=76439"}],"wp:term":[{"taxonomy":"category","embeddable":true,"href":"https:\/\/blogdoedvaldomagalhaes.com.br\/index.php\/wp-json\/wp\/v2\/categories?post=76439"},{"taxonomy":"post_tag","embeddable":true,"href":"https:\/\/blogdoedvaldomagalhaes.com.br\/index.php\/wp-json\/wp\/v2\/tags?post=76439"}],"curies":[{"name":"wp","href":"https:\/\/api.w.org\/{rel}","templated":true}]}}