{"id":76436,"date":"2021-10-21T19:43:23","date_gmt":"2021-10-21T22:43:23","guid":{"rendered":"https:\/\/blogdoedvaldomagalhaes.com.br\/?p=76436"},"modified":"2021-10-21T19:43:25","modified_gmt":"2021-10-21T22:43:25","slug":"vereador-jorge-quintino-comemora-recarga-extra-no-cartao-alimentacao","status":"publish","type":"post","link":"https:\/\/blogdoedvaldomagalhaes.com.br\/index.php\/2021\/10\/21\/vereador-jorge-quintino-comemora-recarga-extra-no-cartao-alimentacao\/","title":{"rendered":"Vereador Jorge Quintino comemora recarga extra no cart\u00e3o alimenta\u00e7\u00e3o"},"content":{"rendered":"<p style=\"text-align: justify;\"><span style=\"font-size: inherit;\">O vereador Jorge Quintino que esteve recentemente reunido com o secret\u00e1rio de Educa\u00e7\u00e3o Jo\u00e3o Paulo Derocy, ficou muito satisfeito com o anuncio feito hoje sobre a recarga extra no cart\u00e3o alimenta\u00e7\u00e3o dos alunos da rede municipal de ensino.<\/span><\/p>\n<p style=\"text-align: justify;\">\u201cMais uma vit\u00f3ria para a educa\u00e7\u00e3o municipal. O di\u00e1logo precisa sempre encontrar seu espa\u00e7o\u201d, afirmou o presidente da comiss\u00e3o de Educa\u00e7\u00e3o do Legislativo Jorge Quintino.<\/p>\n<p style=\"text-align: justify;\">Ainda de acordo com o vereador, o secret\u00e1rio encaminhou um of\u00edcio sobre a qualidade e a programa\u00e7\u00e3o da alimenta\u00e7\u00e3o escolar nesta retomada presencial e gradual das aulas. Segue o of\u00edcio na \u00edntegra:<\/p>\n<p style=\"text-align: justify;\">*Ao Gabinete do Vereador Jorge Quintino,*<\/p>\n<p style=\"text-align: justify;\">O Departamento de Alimenta\u00e7\u00e3o Escolar se organizou para que seja oferecida uma merenda escolar de qualidade; compreendendo que o aluno tem direito a alimenta\u00e7\u00e3o escolar, visando garantir a seguran\u00e7a alimentar e nutricional, com acesso de forma igualit\u00e1ria.<br \/>\nTodo o planejamento foi voltado para a garantia da qualidade da alimenta\u00e7\u00e3o ofertada, buscando a boa aceitabilidade das prepara\u00e7\u00f5es propostas.<\/p>\n<p style=\"text-align: justify;\">Para garantir ao aluno uma ALIMENTA\u00c7\u00c3O ESCOLAR DE QUALIDADE e o acompanhamento do Estado nutricional realizamos:<\/p>\n<p style=\"text-align: justify;\">1- Inclus\u00e3o de DESJEJUM para o turno da manh\u00e3 ou LANCHE RECEPTIVO no CARD\u00c1PIO 2021 para o turno da tarde; Tal iniciativa se deu pela necessidade de garantir um aporte cal\u00f3rico e nutricional adequado aos educandos durante perman\u00eancia na escola; considerando a vulnerabilidade alimentar que infelizmente assola o pa\u00eds;<\/p>\n<p style=\"text-align: justify;\">2- Inclus\u00e3o de mais tr\u00eas por\u00e7\u00f5es de frutas in natura , semanalmente;<\/p>\n<p style=\"text-align: justify;\">3- Inclus\u00e3o de 5 por\u00e7\u00f5es &#8211; 200 ml por crian\u00e7a de Suco de polpa de frutas , como acompanhamento ;<\/p>\n<p style=\"text-align: justify;\">4- Inclus\u00e3o de duas prepara\u00e7\u00f5es no desjejum a base de leite e farin\u00e1ceo ( Papa de Aveia ou Amido e bebida l\u00e1ctea);<\/p>\n<p style=\"text-align: justify;\">5- Inclus\u00e3o de carne bovina com osso e sem osso , para um maior aporte prot\u00e9ico na prepara\u00e7\u00e3o de SOPA;<\/p>\n<p style=\"text-align: justify;\">6- Avalia\u00e7\u00e3o Nutricional de 100 % dos alunos matriculados nos Centros Municipais de Educa\u00e7\u00e3o Infantil quando do retorno das aulas presenciais, com a finalidade de diagnosticar o estado nutricional das crian\u00e7as, identificando dist\u00farbios ou car\u00eancias nutricionais para tra\u00e7armos a\u00e7\u00f5es de interven\u00e7\u00f5es e monitoramento para recupera\u00e7\u00e3o do estado nutricional adequado.<\/p>\n<p style=\"text-align: justify;\">7- Palestras de Educa\u00e7\u00e3o Alimentar e Nutricional, focando h\u00e1bitos alimentares saud\u00e1veis e incentivando os alunos a se alimentarem da MERENDA ESCOLAR, com a finalidade de n\u00e3o levarem lanches para as escolas;<\/p>\n<p style=\"text-align: justify;\">8- Fomento \u00e0 compra de alimentos diretamente da agricultura Familiar.<\/p>\n<p style=\"text-align: justify;\">\nAtenciosamente,<\/p>\n<p style=\"text-align: justify;\">SECRETARIA DE EDUCA\u00c7\u00c3O<br \/>\nDEPARTAMENTO DE ALIMENTA\u00c7\u00c3O ESCOLAR<\/p>\n","protected":false},"excerpt":{"rendered":"<p>O vereador Jorge Quintino que esteve recentemente reunido com o secret\u00e1rio de Educa\u00e7\u00e3o Jo\u00e3o Paulo Derocy, ficou muito satisfeito com&hellip;<\/p>\n","protected":false},"author":1,"featured_media":76437,"comment_status":"open","ping_status":"open","sticky":false,"template":"","format":"standard","meta":{"footnotes":""},"categories":[14122],"tags":[2,19532,3406,6,20,23182],"class_list":["post-76436","post","type-post","status-publish","format-standard","has-post-thumbnail","hentry","category-politica","tag-blog-do-edvaldo-magalhaes","tag-blog-mais-acessado-e-visualizado-de-caruaru-e-regiao","tag-caruaru","tag-noticias","tag-politica","tag-vereador-jorge-quintino-comemora-recarga-extra-no-cartao-alimentacao"],"_links":{"self":[{"href":"https:\/\/blogdoedvaldomagalhaes.com.br\/index.php\/wp-json\/wp\/v2\/posts\/76436","targetHints":{"allow":["GET"]}}],"collection":[{"href":"https:\/\/blogdoedvaldomagalhaes.com.br\/index.php\/wp-json\/wp\/v2\/posts"}],"about":[{"href":"https:\/\/blogdoedvaldomagalhaes.com.br\/index.php\/wp-json\/wp\/v2\/types\/post"}],"author":[{"embeddable":true,"href":"https:\/\/blogdoedvaldomagalhaes.com.br\/index.php\/wp-json\/wp\/v2\/users\/1"}],"replies":[{"embeddable":true,"href":"https:\/\/blogdoedvaldomagalhaes.com.br\/index.php\/wp-json\/wp\/v2\/comments?post=76436"}],"version-history":[{"count":1,"href":"https:\/\/blogdoedvaldomagalhaes.com.br\/index.php\/wp-json\/wp\/v2\/posts\/76436\/revisions"}],"predecessor-version":[{"id":76438,"href":"https:\/\/blogdoedvaldomagalhaes.com.br\/index.php\/wp-json\/wp\/v2\/posts\/76436\/revisions\/76438"}],"wp:featuredmedia":[{"embeddable":true,"href":"https:\/\/blogdoedvaldomagalhaes.com.br\/index.php\/wp-json\/wp\/v2\/media\/76437"}],"wp:attachment":[{"href":"https:\/\/blogdoedvaldomagalhaes.com.br\/index.php\/wp-json\/wp\/v2\/media?parent=76436"}],"wp:term":[{"taxonomy":"category","embeddable":true,"href":"https:\/\/blogdoedvaldomagalhaes.com.br\/index.php\/wp-json\/wp\/v2\/categories?post=76436"},{"taxonomy":"post_tag","embeddable":true,"href":"https:\/\/blogdoedvaldomagalhaes.com.br\/index.php\/wp-json\/wp\/v2\/tags?post=76436"}],"curies":[{"name":"wp","href":"https:\/\/api.w.org\/{rel}","templated":true}]}}