{"id":76433,"date":"2021-10-21T18:49:53","date_gmt":"2021-10-21T21:49:53","guid":{"rendered":"https:\/\/blogdoedvaldomagalhaes.com.br\/?p=76433"},"modified":"2021-10-21T18:49:55","modified_gmt":"2021-10-21T21:49:55","slug":"anderson-correia-comemora-sancao-de-lei-que-proibe-eutanasia-de-caes-e-gatos-saudaveis-por-orgaos-publicos","status":"publish","type":"post","link":"https:\/\/blogdoedvaldomagalhaes.com.br\/index.php\/2021\/10\/21\/anderson-correia-comemora-sancao-de-lei-que-proibe-eutanasia-de-caes-e-gatos-saudaveis-por-orgaos-publicos\/","title":{"rendered":"Anderson Correia comemora san\u00e7\u00e3o de lei que pro\u00edbe eutan\u00e1sia de c\u00e3es e gatos saud\u00e1veis por \u00f3rg\u00e3os p\u00fablicos"},"content":{"rendered":"<p style=\"text-align: justify;\"><span style=\"font-size: inherit;\">Foi sancionada, nesta quarta-feira (20), uma lei federal que pro\u00edbe a elimina\u00e7\u00e3o de c\u00e3es e gatos por \u00f3rg\u00e3os de controle de zoonoses, canis p\u00fablicos e outros estabelecimentos oficiais. Fato comemorado pelo vereador e Presidente da Comiss\u00e3o Permanente dos Direitos dos Animais, Anderson Correia (PP).<\/span><\/p>\n<p style=\"text-align: justify;\">\u201cEssa \u00e9 mais uma vit\u00f3ria da causa animal em nosso pa\u00eds. \u00c9 uma conquista de todos que buscam a dignidade e os direitos dos animais, que com certeza vai impactar tamb\u00e9m na sa\u00fade p\u00fablica. Estamos muito felizes e gratos a todos que lutaram para que essa lei pudesse chegar a ser sancionada\u201d, comemorou o parlamentar.<\/p>\n<p style=\"text-align: justify;\">Publicada nesta quinta-feira (21) no Di\u00e1rio Oficial da Uni\u00e3o, a lei n\u00e3o \u00e9 aplic\u00e1vel somente em casos de eutan\u00e1sia com motiva\u00e7\u00e3o de doen\u00e7as graves ou enfermidades contagiosas incur\u00e1veis, que coloquem em risco a sa\u00fade humana e a de outros animais \u2014 fato que precisa ser justificado em laudo t\u00e9cnico.<\/p>\n<p style=\"text-align: justify;\">A mat\u00e9ria de autoria do deputado Ricardo Izar (PP-SP) define ainda que, com exce\u00e7\u00e3o de casos de doen\u00e7as contagiosas, o animal poder\u00e1 ser disponibilizado para resgate por entidade de prote\u00e7\u00e3o dos animais. Al\u00e9m disso, o projeto traz ainda que, se a legisla\u00e7\u00e3o for descumprida, penas de pris\u00e3o e multa previstas na Lei de Crimes Ambientais ser\u00e3o ser aplicadas.<\/p>\n","protected":false},"excerpt":{"rendered":"<p>Foi sancionada, nesta quarta-feira (20), uma lei federal que pro\u00edbe a elimina\u00e7\u00e3o de c\u00e3es e gatos por \u00f3rg\u00e3os de controle&hellip;<\/p>\n","protected":false},"author":1,"featured_media":76434,"comment_status":"open","ping_status":"open","sticky":false,"template":"","format":"standard","meta":{"footnotes":""},"categories":[14122],"tags":[23181,2,19532,3406,6,20],"class_list":["post-76433","post","type-post","status-publish","format-standard","has-post-thumbnail","hentry","category-politica","tag-anderson-correia-comemora-sancao-de-lei-que-proibe-eutanasia-de-caes-e-gatos-saudaveis-por-orgaos-publicos","tag-blog-do-edvaldo-magalhaes","tag-blog-mais-acessado-e-visualizado-de-caruaru-e-regiao","tag-caruaru","tag-noticias","tag-politica"],"_links":{"self":[{"href":"https:\/\/blogdoedvaldomagalhaes.com.br\/index.php\/wp-json\/wp\/v2\/posts\/76433","targetHints":{"allow":["GET"]}}],"collection":[{"href":"https:\/\/blogdoedvaldomagalhaes.com.br\/index.php\/wp-json\/wp\/v2\/posts"}],"about":[{"href":"https:\/\/blogdoedvaldomagalhaes.com.br\/index.php\/wp-json\/wp\/v2\/types\/post"}],"author":[{"embeddable":true,"href":"https:\/\/blogdoedvaldomagalhaes.com.br\/index.php\/wp-json\/wp\/v2\/users\/1"}],"replies":[{"embeddable":true,"href":"https:\/\/blogdoedvaldomagalhaes.com.br\/index.php\/wp-json\/wp\/v2\/comments?post=76433"}],"version-history":[{"count":1,"href":"https:\/\/blogdoedvaldomagalhaes.com.br\/index.php\/wp-json\/wp\/v2\/posts\/76433\/revisions"}],"predecessor-version":[{"id":76435,"href":"https:\/\/blogdoedvaldomagalhaes.com.br\/index.php\/wp-json\/wp\/v2\/posts\/76433\/revisions\/76435"}],"wp:featuredmedia":[{"embeddable":true,"href":"https:\/\/blogdoedvaldomagalhaes.com.br\/index.php\/wp-json\/wp\/v2\/media\/76434"}],"wp:attachment":[{"href":"https:\/\/blogdoedvaldomagalhaes.com.br\/index.php\/wp-json\/wp\/v2\/media?parent=76433"}],"wp:term":[{"taxonomy":"category","embeddable":true,"href":"https:\/\/blogdoedvaldomagalhaes.com.br\/index.php\/wp-json\/wp\/v2\/categories?post=76433"},{"taxonomy":"post_tag","embeddable":true,"href":"https:\/\/blogdoedvaldomagalhaes.com.br\/index.php\/wp-json\/wp\/v2\/tags?post=76433"}],"curies":[{"name":"wp","href":"https:\/\/api.w.org\/{rel}","templated":true}]}}