{"id":7643,"date":"2016-11-19T14:24:00","date_gmt":"2016-11-19T16:24:00","guid":{"rendered":"http:\/\/blogdoedvaldomagalhaes.com.br\/index.php\/2016\/11\/19\/uniao-beneficente-integra-conselho\/"},"modified":"2019-02-09T01:06:52","modified_gmt":"2019-02-09T03:06:52","slug":"uniao-beneficente-integra-conselho","status":"publish","type":"post","link":"https:\/\/blogdoedvaldomagalhaes.com.br\/index.php\/2016\/11\/19\/uniao-beneficente-integra-conselho\/","title":{"rendered":"Uni\u00e3o Beneficente integra Conselho Municipal de Assist\u00eancia Social"},"content":{"rendered":"<div class=\"separator\" style=\"clear: both; text-align: center;\">\n<a href=\"https:\/\/4.bp.blogspot.com\/-GjiDHU_EZwc\/WDBfV_rzQuI\/AAAAAAAAKH0\/IRAvNpQWHwQtFqHcxVhD2tt6Kt5HvNaOwCLcB\/s1600\/uni%25C3%25A3o%2B1.jpg\" imageanchor=\"1\" style=\"margin-left: 1em; margin-right: 1em;\"><img loading=\"lazy\" decoding=\"async\" border=\"0\" height=\"266\" src=\"http:\/\/blogdoedvaldomagalhaes.com.br\/wp-content\/uploads\/2016\/11\/uniC3A3o1.jpg\" width=\"400\" \/><\/a><\/div>\n<div style=\"text-align: justify;\">\n<\/div>\n<div style=\"text-align: justify;\">\nA Entidade Filantr\u00f3pica,sem finalidade econ\u00f4mica, Uni\u00e3o Beneficente dos Artistas e  Profissionais de Caruaru &#8211; UBAPC &#8211; que j\u00e1 participa do Conselho Municipal de Sa\u00fade da SMS de Caruaru, desde ontem passou a integrar  o Conselho Municipal de Assist\u00eancia Social, para o bi\u00eanio 2017\/ 2018. Como tamb\u00e9m, a Convite da C\u00e2mara de Vereadores de Caruaru, esteve sendo representada por seu presidente, na Audi\u00eancia P\u00fablica do Plano Plurianual da Prefeitura de Caruaru, do per\u00edodo administrativo 2014 \/ 2017, para melhor se inteirar  dos recursos financeiros previstos como receitas \u00e1 PMC , no pr\u00f3ximo ano. <\/div>\n<div style=\"text-align: justify;\">\n<\/div>\n<div style=\"text-align: justify;\">\nO Sanitarista, Pedagogo com Especializa\u00e7\u00e3o em Administra\u00e7\u00e3o e P\u00f3s Gradua\u00e7\u00e3o em Sa\u00fade P\u00fablica, Jos\u00e9 Marcolino, \u00e9 o presidente da Uni\u00e3o Beneficente.<\/div>\n<div style=\"text-align: justify;\">\n<\/div>\n<div class=\"separator\" style=\"clear: both; text-align: center;\">\n<a href=\"https:\/\/2.bp.blogspot.com\/-VT_IHyO-Jjw\/WDBgo1HHFuI\/AAAAAAAAKIA\/LSrmdMYnjyEo0i0g7L4ASLz9w9jbJcKNQCLcB\/s1600\/marcolino.jpg\" imageanchor=\"1\" style=\"margin-left: 1em; margin-right: 1em;\"><img loading=\"lazy\" decoding=\"async\" border=\"0\" height=\"295\" src=\"http:\/\/blogdoedvaldomagalhaes.com.br\/wp-content\/uploads\/2016\/11\/marcolino.jpg\" width=\"400\" \/><\/a><\/div>\n<div style=\"text-align: justify;\">\n<\/div>\n","protected":false},"excerpt":{"rendered":"<p>A Entidade Filantr\u00f3pica,sem finalidade econ\u00f4mica, Uni\u00e3o Beneficente dos Artistas e Profissionais de Caruaru &#8211; UBAPC &#8211; que j\u00e1 participa do&hellip;<\/p>\n","protected":false},"author":1,"featured_media":0,"comment_status":"open","ping_status":"open","sticky":false,"template":"","format":"standard","meta":{"footnotes":""},"categories":[1],"tags":[2,4476,6,11012,11013],"class_list":["post-7643","post","type-post","status-publish","format-standard","hentry","category-sem-categoria","tag-blog-do-edvaldo-magalhaes","tag-camara-de-vereadores-de-caruaru","tag-noticias","tag-pmc","tag-uniao-beneficente-integra-conselho-municipal-de-assistencia-social"],"_links":{"self":[{"href":"https:\/\/blogdoedvaldomagalhaes.com.br\/index.php\/wp-json\/wp\/v2\/posts\/7643","targetHints":{"allow":["GET"]}}],"collection":[{"href":"https:\/\/blogdoedvaldomagalhaes.com.br\/index.php\/wp-json\/wp\/v2\/posts"}],"about":[{"href":"https:\/\/blogdoedvaldomagalhaes.com.br\/index.php\/wp-json\/wp\/v2\/types\/post"}],"author":[{"embeddable":true,"href":"https:\/\/blogdoedvaldomagalhaes.com.br\/index.php\/wp-json\/wp\/v2\/users\/1"}],"replies":[{"embeddable":true,"href":"https:\/\/blogdoedvaldomagalhaes.com.br\/index.php\/wp-json\/wp\/v2\/comments?post=7643"}],"version-history":[{"count":1,"href":"https:\/\/blogdoedvaldomagalhaes.com.br\/index.php\/wp-json\/wp\/v2\/posts\/7643\/revisions"}],"predecessor-version":[{"id":14247,"href":"https:\/\/blogdoedvaldomagalhaes.com.br\/index.php\/wp-json\/wp\/v2\/posts\/7643\/revisions\/14247"}],"wp:attachment":[{"href":"https:\/\/blogdoedvaldomagalhaes.com.br\/index.php\/wp-json\/wp\/v2\/media?parent=7643"}],"wp:term":[{"taxonomy":"category","embeddable":true,"href":"https:\/\/blogdoedvaldomagalhaes.com.br\/index.php\/wp-json\/wp\/v2\/categories?post=7643"},{"taxonomy":"post_tag","embeddable":true,"href":"https:\/\/blogdoedvaldomagalhaes.com.br\/index.php\/wp-json\/wp\/v2\/tags?post=7643"}],"curies":[{"name":"wp","href":"https:\/\/api.w.org\/{rel}","templated":true}]}}