{"id":76428,"date":"2021-10-21T18:21:30","date_gmt":"2021-10-21T21:21:30","guid":{"rendered":"https:\/\/blogdoedvaldomagalhaes.com.br\/?p=76428"},"modified":"2021-10-21T20:45:24","modified_gmt":"2021-10-21T23:45:24","slug":"presidente-bolsonaro-faz-visita-surpresa-a-cidade-de-toritama","status":"publish","type":"post","link":"https:\/\/blogdoedvaldomagalhaes.com.br\/index.php\/2021\/10\/21\/presidente-bolsonaro-faz-visita-surpresa-a-cidade-de-toritama\/","title":{"rendered":"Presidente Bolsonaro faz visita surpresa a cidade de Toritama"},"content":{"rendered":"<p style=\"text-align: justify;\">Ap\u00f3s inaugurar o Ramal Agreste da Transposi\u00e7\u00e3o do Rio S\u00e3o Francisco, em Sert\u00e2nia, no Sert\u00e3o de Pernambuco, o presidente Jair Bolsonaro seguiu de helic\u00f3ptero para Toritama, no Agreste, na tarde desta quinta-feira (21). Ele decidiu fazer visita surpresa.<\/p>\n<p style=\"text-align: justify;\">Bolsonaro participou de uma r\u00e1pida carreata pelo centro da cidade, na carroceria de uma caminhonete. O presidente estava acompanhado do ministro do Turismo, Gilson Machado Neto, e deputados estaduais e federais.<\/p>\n<p style=\"text-align: justify;\">Durante discurso em Sert\u00e2nia, Bolsonaro prometeu pagar um aux\u00edlio a 750 mil caminhoneiros para compensar o aumento do diesel. Ele n\u00e3o disse a partir de quando o benef\u00edcio ser\u00e1 pago.<\/p>\n<p style=\"text-align: justify;\">Antes, Bolsonaro esteve em Sert\u00e2nia, no Sert\u00e3o de Pernambuco, onde inaugurou o Ramal do Agreste, obra que faz parte da transposi\u00e7\u00e3o das \u00e1guas do S\u00e3o Francisco. Com investimento de R$ 1,67 bilh\u00e3o, o empreendimento atender\u00e1, juntamente \u00e0s duas etapas da adutora do Agreste, mais de dois milh\u00f5es de pessoas.<\/p>\n<p style=\"text-align: justify;\">Al\u00e9m disso, o governo federal inaugurou, na Barragem de Campos, a capta\u00e7\u00e3o definitiva do Ramal de Sert\u00e2nia, estrutura da Adutora do Paje\u00fa. Com isso, ser\u00e3o atendidas 37 mil pessoas da cidade de Sert\u00e2nia. O investimento federal na obra \u00e9 de R$ 10 milh\u00f5es.<\/p>\n\n\n<figure class=\"wp-block-image size-large\"><img loading=\"lazy\" decoding=\"async\" width=\"1024\" height=\"682\" src=\"https:\/\/blogdoedvaldomagalhaes.com.br\/wp-content\/uploads\/2021\/10\/IMG-20211021-WA0268.jpg\" alt=\"\" class=\"wp-image-76446\" srcset=\"https:\/\/blogdoedvaldomagalhaes.com.br\/wp-content\/uploads\/2021\/10\/IMG-20211021-WA0268.jpg 1024w, https:\/\/blogdoedvaldomagalhaes.com.br\/wp-content\/uploads\/2021\/10\/IMG-20211021-WA0268-300x200.jpg 300w, https:\/\/blogdoedvaldomagalhaes.com.br\/wp-content\/uploads\/2021\/10\/IMG-20211021-WA0268-768x512.jpg 768w\" sizes=\"auto, (max-width: 1024px) 100vw, 1024px\" \/><\/figure>\n\n\n\n<figure class=\"wp-block-image size-large\"><img loading=\"lazy\" decoding=\"async\" width=\"1024\" height=\"682\" src=\"https:\/\/blogdoedvaldomagalhaes.com.br\/wp-content\/uploads\/2021\/10\/IMG-20211021-WA0267.jpg\" alt=\"\" class=\"wp-image-76448\" srcset=\"https:\/\/blogdoedvaldomagalhaes.com.br\/wp-content\/uploads\/2021\/10\/IMG-20211021-WA0267.jpg 1024w, https:\/\/blogdoedvaldomagalhaes.com.br\/wp-content\/uploads\/2021\/10\/IMG-20211021-WA0267-300x200.jpg 300w, https:\/\/blogdoedvaldomagalhaes.com.br\/wp-content\/uploads\/2021\/10\/IMG-20211021-WA0267-768x512.jpg 768w\" sizes=\"auto, (max-width: 1024px) 100vw, 1024px\" \/><figcaption>Fotos: Divulga\u00e7\u00e3o<\/figcaption><\/figure>\n","protected":false},"excerpt":{"rendered":"<p>Ap\u00f3s inaugurar o Ramal Agreste da Transposi\u00e7\u00e3o do Rio S\u00e3o Francisco, em Sert\u00e2nia, no Sert\u00e3o de Pernambuco, o presidente Jair&hellip;<\/p>\n","protected":false},"author":1,"featured_media":76429,"comment_status":"open","ping_status":"open","sticky":false,"template":"","format":"standard","meta":{"footnotes":""},"categories":[14122],"tags":[546,2,19532,3406,6,20,23180,3408],"class_list":["post-76428","post","type-post","status-publish","format-standard","has-post-thumbnail","hentry","category-politica","tag-agreste-de-pernambuco","tag-blog-do-edvaldo-magalhaes","tag-blog-mais-acessado-e-visualizado-de-caruaru-e-regiao","tag-caruaru","tag-noticias","tag-politica","tag-presidente-bolsonaro-faz-visita-surpresa-a-cidade-de-toritama","tag-toritama"],"_links":{"self":[{"href":"https:\/\/blogdoedvaldomagalhaes.com.br\/index.php\/wp-json\/wp\/v2\/posts\/76428","targetHints":{"allow":["GET"]}}],"collection":[{"href":"https:\/\/blogdoedvaldomagalhaes.com.br\/index.php\/wp-json\/wp\/v2\/posts"}],"about":[{"href":"https:\/\/blogdoedvaldomagalhaes.com.br\/index.php\/wp-json\/wp\/v2\/types\/post"}],"author":[{"embeddable":true,"href":"https:\/\/blogdoedvaldomagalhaes.com.br\/index.php\/wp-json\/wp\/v2\/users\/1"}],"replies":[{"embeddable":true,"href":"https:\/\/blogdoedvaldomagalhaes.com.br\/index.php\/wp-json\/wp\/v2\/comments?post=76428"}],"version-history":[{"count":3,"href":"https:\/\/blogdoedvaldomagalhaes.com.br\/index.php\/wp-json\/wp\/v2\/posts\/76428\/revisions"}],"predecessor-version":[{"id":76449,"href":"https:\/\/blogdoedvaldomagalhaes.com.br\/index.php\/wp-json\/wp\/v2\/posts\/76428\/revisions\/76449"}],"wp:featuredmedia":[{"embeddable":true,"href":"https:\/\/blogdoedvaldomagalhaes.com.br\/index.php\/wp-json\/wp\/v2\/media\/76429"}],"wp:attachment":[{"href":"https:\/\/blogdoedvaldomagalhaes.com.br\/index.php\/wp-json\/wp\/v2\/media?parent=76428"}],"wp:term":[{"taxonomy":"category","embeddable":true,"href":"https:\/\/blogdoedvaldomagalhaes.com.br\/index.php\/wp-json\/wp\/v2\/categories?post=76428"},{"taxonomy":"post_tag","embeddable":true,"href":"https:\/\/blogdoedvaldomagalhaes.com.br\/index.php\/wp-json\/wp\/v2\/tags?post=76428"}],"curies":[{"name":"wp","href":"https:\/\/api.w.org\/{rel}","templated":true}]}}