{"id":7642,"date":"2016-11-19T14:40:00","date_gmt":"2016-11-19T16:40:00","guid":{"rendered":"http:\/\/blogdoedvaldomagalhaes.com.br\/index.php\/2016\/11\/19\/vaquejada-esta-proibida-em-pernambuco\/"},"modified":"2019-02-09T01:06:53","modified_gmt":"2019-02-09T03:06:53","slug":"vaquejada-esta-proibida-em-pernambuco","status":"publish","type":"post","link":"https:\/\/blogdoedvaldomagalhaes.com.br\/index.php\/2016\/11\/19\/vaquejada-esta-proibida-em-pernambuco\/","title":{"rendered":"Vaquejada est\u00e1 proibida em Pernambuco"},"content":{"rendered":"<div id=\"pastingspan1\" style=\"background-attachment: initial; background-clip: initial; background-image: initial; background-origin: initial; background-position: 0px 0px; background-repeat: initial; background-size: initial; border: 0px; color: #616161; font-family: &quot;Open Sans&quot;, sans-serif; font-size: 15px; line-height: 22px; list-style: none; margin: 0px 0px 15px; outline: 0px; padding: 0px 15px; text-align: justify; vertical-align: baseline;\">\n<div class=\"separator\" style=\"clear: both; text-align: center;\">\n<a href=\"https:\/\/4.bp.blogspot.com\/-6TLhZU3DEX8\/WDBkv81sDxI\/AAAAAAAAKIM\/VcXPH3BZs5s6kKlFQjT3W8soS1w5F5sGwCLcB\/s1600\/vaquejada.jpg\" imageanchor=\"1\" style=\"margin-left: 1em; margin-right: 1em;\"><img loading=\"lazy\" decoding=\"async\" border=\"0\" height=\"215\" src=\"http:\/\/blogdoedvaldomagalhaes.com.br\/wp-content\/uploads\/2016\/11\/vaquejada.jpg\" width=\"400\" \/><\/a><\/div>\n<p><\/div>\n<div id=\"pastingspan1\" style=\"background-position: 0px 0px; border: 0px; line-height: 22px; list-style: none; margin: 0px 0px 15px; outline: 0px; padding: 0px 15px; text-align: justify; vertical-align: baseline;\">\nO Minist\u00e9rio P\u00fablico de Pernambuco (MPPE) emitiu uma nova nota t\u00e9cnica na qual afirma que os Termos de Ajustamento de Conduta (TACs) agora n\u00e3o s\u00e3o mais mecanismos que asseguram a continuidade das vaquejadas no Estado. O documento traz s\u00e9rie de orienta\u00e7\u00f5es aos promotores de Justi\u00e7a com atua\u00e7\u00e3o na defesa do meio ambiente a fim de gui\u00e1-los no trabalho voltado ao esporte, de forma que garantam o bem-estar dos animais.<\/div>\n<div id=\"pastingspan1\" style=\"background-position: 0px 0px; border: 0px; line-height: 22px; list-style: none; margin: 0px 0px 15px; outline: 0px; padding: 0px 15px; text-align: justify; vertical-align: baseline;\">\nCom o cumprimento do MPPE \u00e0 determina\u00e7\u00e3o do Supremo Tribunal Federal (STF), produtores desse tipo de evento ter\u00e3o que recorrer \u00e0 Justi\u00e7a com anteced\u00eancia, caso queiram realiz\u00e1-lo, ainda assim sem a garantia de que o pedido ser\u00e1 atendido. No Nordeste h\u00e1 cerca de quatro mil provas por ano, de acordo com dados da Associa\u00e7\u00e3o Brasileira de Vaquejada (Abvaq), gerando 600 mil empregos diretos. Com a proibi\u00e7\u00e3o, esse seria o contingente de desempregados. Uma reuni\u00e3o para discutir o assunto ocorreu na tarde de ontem na sede do MPPE.<\/div>\n<div id=\"pastingspan1\" style=\"background-position: 0px 0px; border: 0px; line-height: 22px; list-style: none; margin: 0px 0px 15px; outline: 0px; padding: 0px 15px; text-align: justify; vertical-align: baseline;\">\nAs associa\u00e7\u00f5es em defesa \u00e0 vaquejada insistem que a determina\u00e7\u00e3o do STF \u00e9 infundada e que n\u00e3o houve acompanhamento da evolu\u00e7\u00e3o do tradicional esporte nem audi\u00eancia p\u00fablica antes de consider\u00e1-la uma pr\u00e1tica ilegal por promover maus-tratos aos animais. Para o vice-presidente da Associa\u00e7\u00e3o Brasileira de Criadores de Cavalo de Quarto de Milha (ABQM), S\u00e9rgio Moura, a decis\u00e3o da Corte M\u00e1xima de querer p\u00f4r fim \u00e0s competi\u00e7\u00f5es \u00e9 s\u00f3 um reflexo de que n\u00e3o houve acompanhamento da evolu\u00e7\u00e3o do tradicional esporte.&nbsp;<\/div>\n<div id=\"pastingspan1\" style=\"background-position: 0px 0px; border: 0px; line-height: 22px; list-style: none; margin: 0px 0px 15px; outline: 0px; padding: 0px 15px; text-align: justify; vertical-align: baseline;\">\nDois lados<\/div>\n<div id=\"pastingspan1\" style=\"background-position: 0px 0px; border: 0px; line-height: 22px; list-style: none; margin: 0px 0px 15px; outline: 0px; padding: 0px 15px; text-align: justify; vertical-align: baseline;\">\nA presidente do Conselho Regional de Medicina Veterin\u00e1ria, Eriv\u00e2nia Camelo, confirma a vers\u00e3o de que n\u00e3o h\u00e1 maus-tratos. De acordo com ela, hoje s\u00e3o colocados protetores nas caudas dos bois, as esporas n\u00e3o s\u00e3o mais pontiagudas (ganharam formato arredondado), as cortadeiras e breques n\u00e3o ferem mais o nariz dos cavalos e o uso de chicotes \u00e9 proibido.&nbsp;<\/div>\n<div id=\"pastingspan1\" style=\"background-position: 0px 0px; border: 0px; line-height: 22px; list-style: none; margin: 0px 0px 15px; outline: 0px; padding: 0px 15px; text-align: justify; vertical-align: baseline;\">\nJ\u00e1 a ativista animal Goretti Queiroz comemorou. &#8220;A gente recebe a not\u00edcia com tranquilidade, porque era exatamente isso que esper\u00e1vamos do MP no cumprimento na decis\u00e3o do Supremo. A partir de agora, as promotorias dos munic\u00edpios devem proibir as vaquejadas. Com isso, a sociedade toda ganha. Sabemos de relatos de psic\u00f3logos de que crian\u00e7as que s\u00e3o expostas a maus-tratos animais perdem sensibilidade e pensam que a viol\u00eancia \u00e9 algo banal&#8221;.<\/div>\n","protected":false},"excerpt":{"rendered":"<p>O Minist\u00e9rio P\u00fablico de Pernambuco (MPPE) emitiu uma nova nota t\u00e9cnica na qual afirma que os Termos de Ajustamento de&hellip;<\/p>\n","protected":false},"author":1,"featured_media":0,"comment_status":"open","ping_status":"open","sticky":false,"template":"","format":"standard","meta":{"footnotes":""},"categories":[1],"tags":[11009,2,11010,6,11011],"class_list":["post-7642","post","type-post","status-publish","format-standard","hentry","category-sem-categoria","tag-adagro","tag-blog-do-edvaldo-magalhaes","tag-conselho-regional-de-medicina","tag-noticias","tag-vaquejada-esta-proibida-em-pernambuco-ministerio-publico"],"_links":{"self":[{"href":"https:\/\/blogdoedvaldomagalhaes.com.br\/index.php\/wp-json\/wp\/v2\/posts\/7642","targetHints":{"allow":["GET"]}}],"collection":[{"href":"https:\/\/blogdoedvaldomagalhaes.com.br\/index.php\/wp-json\/wp\/v2\/posts"}],"about":[{"href":"https:\/\/blogdoedvaldomagalhaes.com.br\/index.php\/wp-json\/wp\/v2\/types\/post"}],"author":[{"embeddable":true,"href":"https:\/\/blogdoedvaldomagalhaes.com.br\/index.php\/wp-json\/wp\/v2\/users\/1"}],"replies":[{"embeddable":true,"href":"https:\/\/blogdoedvaldomagalhaes.com.br\/index.php\/wp-json\/wp\/v2\/comments?post=7642"}],"version-history":[{"count":1,"href":"https:\/\/blogdoedvaldomagalhaes.com.br\/index.php\/wp-json\/wp\/v2\/posts\/7642\/revisions"}],"predecessor-version":[{"id":14249,"href":"https:\/\/blogdoedvaldomagalhaes.com.br\/index.php\/wp-json\/wp\/v2\/posts\/7642\/revisions\/14249"}],"wp:attachment":[{"href":"https:\/\/blogdoedvaldomagalhaes.com.br\/index.php\/wp-json\/wp\/v2\/media?parent=7642"}],"wp:term":[{"taxonomy":"category","embeddable":true,"href":"https:\/\/blogdoedvaldomagalhaes.com.br\/index.php\/wp-json\/wp\/v2\/categories?post=7642"},{"taxonomy":"post_tag","embeddable":true,"href":"https:\/\/blogdoedvaldomagalhaes.com.br\/index.php\/wp-json\/wp\/v2\/tags?post=7642"}],"curies":[{"name":"wp","href":"https:\/\/api.w.org\/{rel}","templated":true}]}}