{"id":76411,"date":"2021-10-21T12:41:25","date_gmt":"2021-10-21T15:41:25","guid":{"rendered":"https:\/\/blogdoedvaldomagalhaes.com.br\/?p=76411"},"modified":"2021-10-21T12:41:27","modified_gmt":"2021-10-21T15:41:27","slug":"policia-recupera-caminhao-com-aguardente-roubada-na-br-104-em-caruaru","status":"publish","type":"post","link":"https:\/\/blogdoedvaldomagalhaes.com.br\/index.php\/2021\/10\/21\/policia-recupera-caminhao-com-aguardente-roubada-na-br-104-em-caruaru\/","title":{"rendered":"Pol\u00edcia recupera caminh\u00e3o com aguardente roubada na BR 104, em Caruaru"},"content":{"rendered":"<p style=\"text-align: justify;\"><span style=\"font-size: inherit;\">Um caminh\u00e3o carregado com aguardente que havia sido roubado em S\u00e3o Caetano foi recuperado, na noite de quarta-feira (20), na BR 104, em Caruaru, no Agreste de Pernambuco. O ve\u00edculo foi localizado em uma a\u00e7\u00e3o integrada do 4\u2070 Batalh\u00e3o de Pol\u00edcia Militar (BPM) e da Pol\u00edcia Rodovi\u00e1ria Federal (PRF).<\/span><\/p>\n<p style=\"text-align: justify;\">Policiais receberam informa\u00e7\u00f5es sobre o roubo do caminh\u00e3o no in\u00edcio da tarde e realizaram buscas at\u00e9 localizarem uma v\u00edtima, na BR 423, em S\u00e3o Caetano. O homem informou que o ve\u00edculo havia sido roubado por tr\u00eas assaltantes armados.<\/p>\n<p style=\"text-align: justify;\">Foram realizadas buscas na regi\u00e3o, at\u00e9 que o caminh\u00e3o foi encontrado no Km 60 da BR 104, em Caruaru. Os assaltantes fugiram antes da chegada da pol\u00edcia, mas a carga estava intacta e lacrada no compartimento de carga do ve\u00edculo.<\/p>\n<p style=\"text-align: justify;\">O caminh\u00e3o e a carga foram encaminhados \u00e0 Delegacia de Pol\u00edcia Civil de Caruaru, para registro da ocorr\u00eancia e devolu\u00e7\u00e3o da mercadoria \u00e0 empresa respons\u00e1vel.<\/p>\n","protected":false},"excerpt":{"rendered":"<p>Um caminh\u00e3o carregado com aguardente que havia sido roubado em S\u00e3o Caetano foi recuperado, na noite de quarta-feira (20), na&hellip;<\/p>\n","protected":false},"author":1,"featured_media":76412,"comment_status":"open","ping_status":"open","sticky":false,"template":"","format":"standard","meta":{"footnotes":""},"categories":[14121],"tags":[2,19532,3406,6],"class_list":["post-76411","post","type-post","status-publish","format-standard","has-post-thumbnail","hentry","category-policial","tag-blog-do-edvaldo-magalhaes","tag-blog-mais-acessado-e-visualizado-de-caruaru-e-regiao","tag-caruaru","tag-noticias"],"_links":{"self":[{"href":"https:\/\/blogdoedvaldomagalhaes.com.br\/index.php\/wp-json\/wp\/v2\/posts\/76411","targetHints":{"allow":["GET"]}}],"collection":[{"href":"https:\/\/blogdoedvaldomagalhaes.com.br\/index.php\/wp-json\/wp\/v2\/posts"}],"about":[{"href":"https:\/\/blogdoedvaldomagalhaes.com.br\/index.php\/wp-json\/wp\/v2\/types\/post"}],"author":[{"embeddable":true,"href":"https:\/\/blogdoedvaldomagalhaes.com.br\/index.php\/wp-json\/wp\/v2\/users\/1"}],"replies":[{"embeddable":true,"href":"https:\/\/blogdoedvaldomagalhaes.com.br\/index.php\/wp-json\/wp\/v2\/comments?post=76411"}],"version-history":[{"count":1,"href":"https:\/\/blogdoedvaldomagalhaes.com.br\/index.php\/wp-json\/wp\/v2\/posts\/76411\/revisions"}],"predecessor-version":[{"id":76413,"href":"https:\/\/blogdoedvaldomagalhaes.com.br\/index.php\/wp-json\/wp\/v2\/posts\/76411\/revisions\/76413"}],"wp:featuredmedia":[{"embeddable":true,"href":"https:\/\/blogdoedvaldomagalhaes.com.br\/index.php\/wp-json\/wp\/v2\/media\/76412"}],"wp:attachment":[{"href":"https:\/\/blogdoedvaldomagalhaes.com.br\/index.php\/wp-json\/wp\/v2\/media?parent=76411"}],"wp:term":[{"taxonomy":"category","embeddable":true,"href":"https:\/\/blogdoedvaldomagalhaes.com.br\/index.php\/wp-json\/wp\/v2\/categories?post=76411"},{"taxonomy":"post_tag","embeddable":true,"href":"https:\/\/blogdoedvaldomagalhaes.com.br\/index.php\/wp-json\/wp\/v2\/tags?post=76411"}],"curies":[{"name":"wp","href":"https:\/\/api.w.org\/{rel}","templated":true}]}}