{"id":76408,"date":"2021-10-21T12:00:10","date_gmt":"2021-10-21T15:00:10","guid":{"rendered":"https:\/\/blogdoedvaldomagalhaes.com.br\/?p=76408"},"modified":"2021-10-21T12:00:14","modified_gmt":"2021-10-21T15:00:14","slug":"comissao-legislativa-de-educacao-cultura-e-esportes-debate-sobre-o-dia-nacional-da-alimentacao-na-escola","status":"publish","type":"post","link":"https:\/\/blogdoedvaldomagalhaes.com.br\/index.php\/2021\/10\/21\/comissao-legislativa-de-educacao-cultura-e-esportes-debate-sobre-o-dia-nacional-da-alimentacao-na-escola\/","title":{"rendered":"Comiss\u00e3o Legislativa de Educa\u00e7\u00e3o, Cultura e Esportes debate sobre o Dia Nacional da Alimenta\u00e7\u00e3o na Escola"},"content":{"rendered":"<p style=\"text-align: justify;\"><span style=\"font-size: inherit;\">O Dia Nacional da Alimenta\u00e7\u00e3o nas Escolas \u00e9 comemorado nesta quinta-feira (21). A data foi escolhida para ressaltar a import\u00e2ncia das a\u00e7\u00f5es voltadas para a educa\u00e7\u00e3o alimentar e nutricional dos estudantes de todas as etapas educa\u00e7\u00e3o b\u00e1sica.<\/span><\/p>\n<p style=\"text-align: justify;\">O presidente da CECE, Jorge Quintino ressaltou, durante a reuni\u00e3o, a import\u00e2ncia que a alimenta\u00e7\u00e3o escolar representa. \u201cO bom di\u00e1logo deve estar sempre presente entre o Legislativo e o Executivo. A forma\u00e7\u00e3o de h\u00e1bitos alimentares mais saud\u00e1veis vai ter consequ\u00eancias em toda a vida do indiv\u00edduo. Esse trabalho deve ser feito em parceria com professores, diretores de escola, e os pais e a comunidade escolar tamb\u00e9m devem participar, afirmou Quintino.<\/p>\n<p style=\"text-align: justify;\">Para o vereador Ricardo Liberato, membro da CECE, a metodologia realizada na distribui\u00e7\u00e3o da merenda no munic\u00edpio de Caruaru, d\u00e1 exemplo a todo Brasil. \u201cPara n\u00f3s, \u00e9 uma grande satisfa\u00e7\u00e3o enquanto membro desta comiss\u00e3o, participar de uma legislatura cujo o apoio que damos ao governo municipal para educa\u00e7\u00e3o, s\u00f3 temos a ganhar\u201d, disse Liberato.<\/p>\n","protected":false},"excerpt":{"rendered":"<p>O Dia Nacional da Alimenta\u00e7\u00e3o nas Escolas \u00e9 comemorado nesta quinta-feira (21). A data foi escolhida para ressaltar a import\u00e2ncia&hellip;<\/p>\n","protected":false},"author":1,"featured_media":76409,"comment_status":"open","ping_status":"open","sticky":false,"template":"","format":"standard","meta":{"footnotes":""},"categories":[14122],"tags":[2,3406],"class_list":["post-76408","post","type-post","status-publish","format-standard","has-post-thumbnail","hentry","category-politica","tag-blog-do-edvaldo-magalhaes","tag-caruaru"],"_links":{"self":[{"href":"https:\/\/blogdoedvaldomagalhaes.com.br\/index.php\/wp-json\/wp\/v2\/posts\/76408","targetHints":{"allow":["GET"]}}],"collection":[{"href":"https:\/\/blogdoedvaldomagalhaes.com.br\/index.php\/wp-json\/wp\/v2\/posts"}],"about":[{"href":"https:\/\/blogdoedvaldomagalhaes.com.br\/index.php\/wp-json\/wp\/v2\/types\/post"}],"author":[{"embeddable":true,"href":"https:\/\/blogdoedvaldomagalhaes.com.br\/index.php\/wp-json\/wp\/v2\/users\/1"}],"replies":[{"embeddable":true,"href":"https:\/\/blogdoedvaldomagalhaes.com.br\/index.php\/wp-json\/wp\/v2\/comments?post=76408"}],"version-history":[{"count":1,"href":"https:\/\/blogdoedvaldomagalhaes.com.br\/index.php\/wp-json\/wp\/v2\/posts\/76408\/revisions"}],"predecessor-version":[{"id":76410,"href":"https:\/\/blogdoedvaldomagalhaes.com.br\/index.php\/wp-json\/wp\/v2\/posts\/76408\/revisions\/76410"}],"wp:featuredmedia":[{"embeddable":true,"href":"https:\/\/blogdoedvaldomagalhaes.com.br\/index.php\/wp-json\/wp\/v2\/media\/76409"}],"wp:attachment":[{"href":"https:\/\/blogdoedvaldomagalhaes.com.br\/index.php\/wp-json\/wp\/v2\/media?parent=76408"}],"wp:term":[{"taxonomy":"category","embeddable":true,"href":"https:\/\/blogdoedvaldomagalhaes.com.br\/index.php\/wp-json\/wp\/v2\/categories?post=76408"},{"taxonomy":"post_tag","embeddable":true,"href":"https:\/\/blogdoedvaldomagalhaes.com.br\/index.php\/wp-json\/wp\/v2\/tags?post=76408"}],"curies":[{"name":"wp","href":"https:\/\/api.w.org\/{rel}","templated":true}]}}