{"id":76400,"date":"2021-10-20T21:04:27","date_gmt":"2021-10-21T00:04:27","guid":{"rendered":"https:\/\/blogdoedvaldomagalhaes.com.br\/?p=76400"},"modified":"2021-10-20T21:04:29","modified_gmt":"2021-10-21T00:04:29","slug":"prefeitura-de-caruaru-entrega-ampliacao-da-creche-artesao-severino-vitalino","status":"publish","type":"post","link":"https:\/\/blogdoedvaldomagalhaes.com.br\/index.php\/2021\/10\/20\/prefeitura-de-caruaru-entrega-ampliacao-da-creche-artesao-severino-vitalino\/","title":{"rendered":"Prefeitura de Caruaru entrega amplia\u00e7\u00e3o da Creche Artes\u00e3o Severino Vitalino"},"content":{"rendered":"<p style=\"text-align: justify;\"><span style=\"font-size: inherit;\">A prefeita de Caruaru, Raquel Lyra, entregou, nesta quarta-feira (20), a amplia\u00e7\u00e3o do CMEI Artes\u00e3o Severino Vitalino, no Alto do Moura. A unidade ganhou novos espa\u00e7os de conviv\u00eancia e ensino.<\/span><\/p>\n<p style=\"text-align: justify;\">A obra de amplia\u00e7\u00e3o da creche conta com seis novas salas de aula, dois sanit\u00e1rios infantis, dois frald\u00e1rios com dep\u00f3sito, quatro sol\u00e1rios, \u00e1rea para jardim e playground. A capacidade hoje da unidade \u00e9 de receber mais de 270 crian\u00e7as, distribu\u00eddas no Ber\u00e7\u00e1rio, Ber\u00e7\u00e1rio I, Ber\u00e7\u00e1rio II, Pr\u00e9 I e Pr\u00e9 II.<\/p>\n<p style=\"text-align: justify;\">O objetivo com a amplia\u00e7\u00e3o foi melhorar o espa\u00e7o para atender mais crian\u00e7as residentes na regi\u00e3o. &#8220;A Prefeitura vem investindo na melhoria da infraestrutura das unidades educacionais, bem como em equipamentos e mobili\u00e1rios escolares. Com isso, asseguramos o desenvolvimento dos estudantes com uma estrutura escolar que ofere\u00e7a seguran\u00e7a, qualidade e conforto&#8221;, disse Raquel Lyra, durante a inaugura\u00e7\u00e3o.<\/p>\n<p style=\"text-align: justify;\">Para o secret\u00e1rio de Educa\u00e7\u00e3o e Esportes de Caruaru, Jo\u00e3o Paulo Derocy C\u00eapa, a inaugura\u00e7\u00e3o da amplia\u00e7\u00e3o do CMEI tamb\u00e9m vem agregar ao busca ativa que a Secretaria de Educa\u00e7\u00e3o vem realizando com o projeto Crian\u00e7a na Creche.<\/p>\n<p style=\"text-align: justify;\">\u201c\u00c9 muito importante essa inaugura\u00e7\u00e3o num momento onde nossas equipes est\u00e3o indo de porta em porta fazendo a matr\u00edcula de nossas crian\u00e7as, conversando com cada fam\u00edlia em todo lugar da cidade, para que possamos ocupar todas as vagas das creches\u201d, concluiu.<\/p>\n\n\n<figure class=\"wp-block-image size-large\"><img loading=\"lazy\" decoding=\"async\" width=\"854\" height=\"570\" src=\"https:\/\/blogdoedvaldomagalhaes.com.br\/wp-content\/uploads\/2021\/10\/IMG-20211020-WA0221.jpg\" alt=\"\" class=\"wp-image-76402\" srcset=\"https:\/\/blogdoedvaldomagalhaes.com.br\/wp-content\/uploads\/2021\/10\/IMG-20211020-WA0221.jpg 854w, https:\/\/blogdoedvaldomagalhaes.com.br\/wp-content\/uploads\/2021\/10\/IMG-20211020-WA0221-300x200.jpg 300w, https:\/\/blogdoedvaldomagalhaes.com.br\/wp-content\/uploads\/2021\/10\/IMG-20211020-WA0221-768x513.jpg 768w\" sizes=\"auto, (max-width: 854px) 100vw, 854px\" \/><\/figure>\n\n\n\n<figure class=\"wp-block-image size-large\"><img loading=\"lazy\" decoding=\"async\" width=\"1024\" height=\"682\" src=\"https:\/\/blogdoedvaldomagalhaes.com.br\/wp-content\/uploads\/2021\/10\/IMG-20211020-WA0220-1024x682.jpg\" alt=\"\" class=\"wp-image-76403\" srcset=\"https:\/\/blogdoedvaldomagalhaes.com.br\/wp-content\/uploads\/2021\/10\/IMG-20211020-WA0220-1024x682.jpg 1024w, https:\/\/blogdoedvaldomagalhaes.com.br\/wp-content\/uploads\/2021\/10\/IMG-20211020-WA0220-300x200.jpg 300w, https:\/\/blogdoedvaldomagalhaes.com.br\/wp-content\/uploads\/2021\/10\/IMG-20211020-WA0220-768x511.jpg 768w, https:\/\/blogdoedvaldomagalhaes.com.br\/wp-content\/uploads\/2021\/10\/IMG-20211020-WA0220.jpg 1280w\" sizes=\"auto, (max-width: 1024px) 100vw, 1024px\" \/><\/figure>\n\n\n\n<figure class=\"wp-block-image size-large\"><img loading=\"lazy\" decoding=\"async\" width=\"852\" height=\"567\" src=\"https:\/\/blogdoedvaldomagalhaes.com.br\/wp-content\/uploads\/2021\/10\/IMG-20211020-WA0222.jpg\" alt=\"\" class=\"wp-image-76404\" srcset=\"https:\/\/blogdoedvaldomagalhaes.com.br\/wp-content\/uploads\/2021\/10\/IMG-20211020-WA0222.jpg 852w, https:\/\/blogdoedvaldomagalhaes.com.br\/wp-content\/uploads\/2021\/10\/IMG-20211020-WA0222-300x200.jpg 300w, https:\/\/blogdoedvaldomagalhaes.com.br\/wp-content\/uploads\/2021\/10\/IMG-20211020-WA0222-768x511.jpg 768w\" sizes=\"auto, (max-width: 852px) 100vw, 852px\" \/><\/figure>\n\n\n\n<figure class=\"wp-block-image size-large\"><img loading=\"lazy\" decoding=\"async\" width=\"1024\" height=\"683\" src=\"https:\/\/blogdoedvaldomagalhaes.com.br\/wp-content\/uploads\/2021\/10\/IMG-20211020-WA0223-1024x683.jpg\" alt=\"\" class=\"wp-image-76405\" srcset=\"https:\/\/blogdoedvaldomagalhaes.com.br\/wp-content\/uploads\/2021\/10\/IMG-20211020-WA0223-1024x683.jpg 1024w, https:\/\/blogdoedvaldomagalhaes.com.br\/wp-content\/uploads\/2021\/10\/IMG-20211020-WA0223-300x200.jpg 300w, https:\/\/blogdoedvaldomagalhaes.com.br\/wp-content\/uploads\/2021\/10\/IMG-20211020-WA0223-768x512.jpg 768w, https:\/\/blogdoedvaldomagalhaes.com.br\/wp-content\/uploads\/2021\/10\/IMG-20211020-WA0223.jpg 1067w\" sizes=\"auto, (max-width: 1024px) 100vw, 1024px\" \/><figcaption>Fotos: Jana\u00edna Pepeu<\/figcaption><\/figure>\n","protected":false},"excerpt":{"rendered":"<p>A prefeita de Caruaru, Raquel Lyra, entregou, nesta quarta-feira (20), a amplia\u00e7\u00e3o do CMEI Artes\u00e3o Severino Vitalino, no Alto do&hellip;<\/p>\n","protected":false},"author":1,"featured_media":76401,"comment_status":"open","ping_status":"open","sticky":false,"template":"","format":"standard","meta":{"footnotes":""},"categories":[14120],"tags":[2,19532,3406,6,23174],"class_list":["post-76400","post","type-post","status-publish","format-standard","has-post-thumbnail","hentry","category-noticias","tag-blog-do-edvaldo-magalhaes","tag-blog-mais-acessado-e-visualizado-de-caruaru-e-regiao","tag-caruaru","tag-noticias","tag-prefeitura-de-caruaru-entrega-ampliacao-da-creche-artesao-severino-vitalino"],"_links":{"self":[{"href":"https:\/\/blogdoedvaldomagalhaes.com.br\/index.php\/wp-json\/wp\/v2\/posts\/76400","targetHints":{"allow":["GET"]}}],"collection":[{"href":"https:\/\/blogdoedvaldomagalhaes.com.br\/index.php\/wp-json\/wp\/v2\/posts"}],"about":[{"href":"https:\/\/blogdoedvaldomagalhaes.com.br\/index.php\/wp-json\/wp\/v2\/types\/post"}],"author":[{"embeddable":true,"href":"https:\/\/blogdoedvaldomagalhaes.com.br\/index.php\/wp-json\/wp\/v2\/users\/1"}],"replies":[{"embeddable":true,"href":"https:\/\/blogdoedvaldomagalhaes.com.br\/index.php\/wp-json\/wp\/v2\/comments?post=76400"}],"version-history":[{"count":1,"href":"https:\/\/blogdoedvaldomagalhaes.com.br\/index.php\/wp-json\/wp\/v2\/posts\/76400\/revisions"}],"predecessor-version":[{"id":76406,"href":"https:\/\/blogdoedvaldomagalhaes.com.br\/index.php\/wp-json\/wp\/v2\/posts\/76400\/revisions\/76406"}],"wp:featuredmedia":[{"embeddable":true,"href":"https:\/\/blogdoedvaldomagalhaes.com.br\/index.php\/wp-json\/wp\/v2\/media\/76401"}],"wp:attachment":[{"href":"https:\/\/blogdoedvaldomagalhaes.com.br\/index.php\/wp-json\/wp\/v2\/media?parent=76400"}],"wp:term":[{"taxonomy":"category","embeddable":true,"href":"https:\/\/blogdoedvaldomagalhaes.com.br\/index.php\/wp-json\/wp\/v2\/categories?post=76400"},{"taxonomy":"post_tag","embeddable":true,"href":"https:\/\/blogdoedvaldomagalhaes.com.br\/index.php\/wp-json\/wp\/v2\/tags?post=76400"}],"curies":[{"name":"wp","href":"https:\/\/api.w.org\/{rel}","templated":true}]}}