{"id":76397,"date":"2021-10-20T20:52:14","date_gmt":"2021-10-20T23:52:14","guid":{"rendered":"https:\/\/blogdoedvaldomagalhaes.com.br\/?p=76397"},"modified":"2021-10-20T20:52:15","modified_gmt":"2021-10-20T23:52:15","slug":"em-9-meses-de-campanha-42-milhoes-de-pernambucanos-completaram-esquema-vacinal-contra-a-covid-19","status":"publish","type":"post","link":"https:\/\/blogdoedvaldomagalhaes.com.br\/index.php\/2021\/10\/20\/em-9-meses-de-campanha-42-milhoes-de-pernambucanos-completaram-esquema-vacinal-contra-a-covid-19\/","title":{"rendered":"Em 9 meses de campanha, 4,2 milh\u00f5es de pernambucanos  completaram esquema vacinal contra a Covid-19"},"content":{"rendered":"<p style=\"text-align: justify;\">Nesta semana, Pernambuco completou nove meses vacinando a popula\u00e7\u00e3o contra a Covid-19. At\u00e9 o momento, o Estado j\u00e1 conseguiu proteger com uma dose 6.686.874 de pessoas, gerando uma cobertura de 86,93% do p\u00fablico a partir dos 12 anos. Com o esquema completo, de dose \u00fanica ou duas doses, j\u00e1 s\u00e3o 4.252.882 pernambucanos (55,29%). Outros 170.665 pessoas j\u00e1 fizeram a dose de refor\u00e7o (2,22%).<\/p>\n<p style=\"text-align: justify;\">\u201cJ\u00e1 s\u00e3o mais de 11 milh\u00f5es de doses de vacinas aplicadas no nosso Estado, possibilitando a prote\u00e7\u00e3o de milh\u00f5es de pernambucanos. Estamos com um percentual alto de pessoas que iniciaram seu esquema vacinal, mas precisamos continuar trabalhando e incentivando para que mais gente garanta seu in\u00edcio de esquema vacinal contra a Covid-19. Tamb\u00e9m continuamos mobilizados para que o p\u00fablico finalize seus esquemas vacinais, al\u00e9m de tomar a dose de refor\u00e7o, se estiver no grupo preconizado. Quanto mais avan\u00e7armos no processo de vacina\u00e7\u00e3o, teremos mais pessoas imunizadas e poderemos avan\u00e7ar ainda mais nos planos de conviv\u00eancia\u201d, afirma o secret\u00e1rio estadual de Sa\u00fade, Andr\u00e9 Longo.<\/p>\n<p style=\"text-align: justify;\">Das mais de 13,6 milh\u00f5es de vacinas j\u00e1 distribu\u00eddas aos munic\u00edpios, 81,5% j\u00e1 foram aplicadas, de acordo com o balan\u00e7o de vacina\u00e7\u00e3o da \u00faltima ter\u00e7a-feira (19\/10). Quando se analisa os dados por munic\u00edpio, v\u00ea-se que 168 cidades, mais o arquip\u00e9lago de Fernando de Noronha, j\u00e1 utilizaram, no m\u00ednimo, 70% dos insumos recebidos. As que mais utilizaram o insumo foram: Afogados da Ingazeira (100%), Brej\u00e3o (100%), Cumaru (100%), Feira Nova (100%), Iati (100%), Ibirajuba (100%), Lagoa do Carro (100%). Limoeiro (98,73%), Tabira (98,09%) e Ipojuca (97,75%).<\/p>\n<p style=\"text-align: justify;\">Quando se verifica o conjunto de cidades de cada Ger\u00eancia Regional de Sa\u00fade (Geres), a VII Geres, no Sert\u00e3o, \u00e9 a que possui o maior percentual de doses aplicadas: 88,44%. Todos os munic\u00edpios da Ger\u00eancia est\u00e3o com percentual acima dos 80%. As cidades s\u00e3o: Bel\u00e9m do S\u00e3o Francisco (89,42%), Cedro (86,23%), Mirandiba (90,64%), Salgueiro (94,47%), Serrita (84,09%), Terra Nova (82,84%) e Verdejante (91,78%).<\/p>\n<p style=\"text-align: justify;\">\u201cTemos que conscientizar a popula\u00e7\u00e3o sobre a import\u00e2ncia de se vacinar, mas os munic\u00edpios tamb\u00e9m precisam realizar a\u00e7\u00f5es, de acordo com a realidade do seu territ\u00f3rio, para ampliar o n\u00famero de pessoas protegidas. Fizemos recentemente uma grande mobiliza\u00e7\u00e3o para a segunda dose e continuamos em contato permanente com os gestores para que possamos acelerar ainda mais a vacina\u00e7\u00e3o dos pernambucanos\u201d, ratifica Longo.<\/p>\n<p style=\"text-align: justify;\"><b>DOSES APLICADAS \u2013<\/b>\u00a0Do total de munic\u00edpios pernambucanos, 16 est\u00e3o com menos de 70% de percentual de doses aplicadas, quando se verifica o total de doses recebidas por cada um. At\u00e9 o momento, \u00c1gua Preta, na Zona da Mata Sul, \u00e9 a cidade com o menor percentual de doses aplicadas, atingindo apenas 55,07% do insumo recebido. Em seguida, est\u00e3o Machados (55,96%) , no Agreste, e S\u00e3o Benedito do Sul, na Mata Sul (56,71%), todas abaixo dos 60%.<\/p>\n<p style=\"text-align: justify;\">\u201cDesde o in\u00edcio da campanha, o Estado tem feito todo o esfor\u00e7o para repassar as vacinas recebidas no menor tempo poss\u00edvel, possibilitando que os gestores municipais possam planejar suas a\u00e7\u00f5es e ofertar para seus mun\u00edcipes essa prote\u00e7\u00e3o. Continuo refor\u00e7ando que esse insumo n\u00e3o \u00e9 para ficar estocado, mas deve estar o mais breve poss\u00edvel no bra\u00e7o dos pernambucanos. Os gestores municipais precisam ficar atentos aos seus estoques e aos \u00edndices vacinais para buscarem alternativas para acelerar o processo. \u00c9 poss\u00edvel realizar busca ativa, mutir\u00f5es, vacina\u00e7\u00e3o em \u00e1reas de dif\u00edcil acesso. Precisamos aproveitar todas as alternativas poss\u00edveis para ampliar o n\u00famero de vacinados, tanto com primeira dose quanto com o esquema completo com duas doses, al\u00e9m da aplica\u00e7\u00e3o de refor\u00e7o daqueles grupos preconizados\u201d, frisa Andr\u00e9 Longo.<\/p>\n<p style=\"text-align: justify;\">Os outros 13 munic\u00edpios s\u00e3o: Salgadinho (60,71%), Amaraji (62,71%), Gameleira (63,28%), Catende (64,39%), Ilha de Itamarac\u00e1 (64,41%), Condado (65,71%), Brejo da Madre de Deus (66,63%), Jata\u00faba (67,12%), Vertentes (67,15%), Ribeir\u00e3o (67,50%), Camaragibe (68,07%), Bom Jardim (69,76%) e Jaboat\u00e3o dos Guararapes (69,87%).<\/p>\n","protected":false},"excerpt":{"rendered":"<p>Nesta semana, Pernambuco completou nove meses vacinando a popula\u00e7\u00e3o contra a Covid-19. At\u00e9 o momento, o Estado j\u00e1 conseguiu proteger&hellip;<\/p>\n","protected":false},"author":1,"featured_media":76398,"comment_status":"open","ping_status":"open","sticky":false,"template":"","format":"standard","meta":{"footnotes":""},"categories":[14120],"tags":[2,19532,17559,6,19670],"class_list":["post-76397","post","type-post","status-publish","format-standard","has-post-thumbnail","hentry","category-noticias","tag-blog-do-edvaldo-magalhaes","tag-blog-mais-acessado-e-visualizado-de-caruaru-e-regiao","tag-covid-19","tag-noticias","tag-novo-coronavirus"],"_links":{"self":[{"href":"https:\/\/blogdoedvaldomagalhaes.com.br\/index.php\/wp-json\/wp\/v2\/posts\/76397","targetHints":{"allow":["GET"]}}],"collection":[{"href":"https:\/\/blogdoedvaldomagalhaes.com.br\/index.php\/wp-json\/wp\/v2\/posts"}],"about":[{"href":"https:\/\/blogdoedvaldomagalhaes.com.br\/index.php\/wp-json\/wp\/v2\/types\/post"}],"author":[{"embeddable":true,"href":"https:\/\/blogdoedvaldomagalhaes.com.br\/index.php\/wp-json\/wp\/v2\/users\/1"}],"replies":[{"embeddable":true,"href":"https:\/\/blogdoedvaldomagalhaes.com.br\/index.php\/wp-json\/wp\/v2\/comments?post=76397"}],"version-history":[{"count":1,"href":"https:\/\/blogdoedvaldomagalhaes.com.br\/index.php\/wp-json\/wp\/v2\/posts\/76397\/revisions"}],"predecessor-version":[{"id":76399,"href":"https:\/\/blogdoedvaldomagalhaes.com.br\/index.php\/wp-json\/wp\/v2\/posts\/76397\/revisions\/76399"}],"wp:featuredmedia":[{"embeddable":true,"href":"https:\/\/blogdoedvaldomagalhaes.com.br\/index.php\/wp-json\/wp\/v2\/media\/76398"}],"wp:attachment":[{"href":"https:\/\/blogdoedvaldomagalhaes.com.br\/index.php\/wp-json\/wp\/v2\/media?parent=76397"}],"wp:term":[{"taxonomy":"category","embeddable":true,"href":"https:\/\/blogdoedvaldomagalhaes.com.br\/index.php\/wp-json\/wp\/v2\/categories?post=76397"},{"taxonomy":"post_tag","embeddable":true,"href":"https:\/\/blogdoedvaldomagalhaes.com.br\/index.php\/wp-json\/wp\/v2\/tags?post=76397"}],"curies":[{"name":"wp","href":"https:\/\/api.w.org\/{rel}","templated":true}]}}