{"id":76394,"date":"2021-10-20T19:50:08","date_gmt":"2021-10-20T22:50:08","guid":{"rendered":"https:\/\/blogdoedvaldomagalhaes.com.br\/?p=76394"},"modified":"2021-10-20T19:50:10","modified_gmt":"2021-10-20T22:50:10","slug":"vereador-mano-do-som-fez-indicacao-para-o-retorno-do-peconduz","status":"publish","type":"post","link":"https:\/\/blogdoedvaldomagalhaes.com.br\/index.php\/2021\/10\/20\/vereador-mano-do-som-fez-indicacao-para-o-retorno-do-peconduz\/","title":{"rendered":"Vereador Mano do Som fez indica\u00e7\u00e3o para o retorno do PECONDUZ"},"content":{"rendered":"<p style=\"text-align: justify;\"><span style=\"font-size: inherit;\">O vereador Mano do Som, fez uma indica\u00e7\u00e3o de n\u00famero 293\/2021 no m\u00eas de agosto ao gabinete do Governador e as Secret\u00e1rias respons\u00e1veis do Estado, que analisassem o pedido da popula\u00e7\u00e3o caruaruense para a retomada das atividades do PECONDUZ em nosso estado e cidade. Devido as dificuldades que esses usu\u00e1rios estavam passando para continuar seus tratamentos m\u00e9dicos. O programa que \u00e9 conhecido como o caminho para a acessibilidade, prestava servi\u00e7os gratuitos de transporte especializado com o objetivo de melhorar a qualidade de vida das pessoas com defici\u00eancia e o pedido foi atendido, depois de quase 2 anos parado, o programa voltou! Com frota totalmente renovada, com isso 626 pessoas poder\u00e3o voltar com mais tranquilidade para o seus tratamentos m\u00e9dicos, dando direito a essas pessoas 5 viagens durante a semana e nos finais de semana pode ser usado para levar o benefici\u00e1rio para o lazer. &#8220;Vamos continuar batalhando para o bem da nossa popula\u00e7\u00e3o.&#8221; Disse o vereador.<\/span><\/p>\n<p style=\"text-align: justify;\">0800 281 0312 TELEFONE PARA CONTATO DO PECONDUZ<\/p>\n","protected":false},"excerpt":{"rendered":"<p>O vereador Mano do Som, fez uma indica\u00e7\u00e3o de n\u00famero 293\/2021 no m\u00eas de agosto ao gabinete do Governador e&hellip;<\/p>\n","protected":false},"author":1,"featured_media":76395,"comment_status":"open","ping_status":"open","sticky":false,"template":"","format":"standard","meta":{"footnotes":""},"categories":[14122],"tags":[2,19532,3406,20,23173],"class_list":["post-76394","post","type-post","status-publish","format-standard","has-post-thumbnail","hentry","category-politica","tag-blog-do-edvaldo-magalhaes","tag-blog-mais-acessado-e-visualizado-de-caruaru-e-regiao","tag-caruaru","tag-politica","tag-vereador-mano-do-som-fez-indicacao-para-o-retorno-do-peconduz"],"_links":{"self":[{"href":"https:\/\/blogdoedvaldomagalhaes.com.br\/index.php\/wp-json\/wp\/v2\/posts\/76394","targetHints":{"allow":["GET"]}}],"collection":[{"href":"https:\/\/blogdoedvaldomagalhaes.com.br\/index.php\/wp-json\/wp\/v2\/posts"}],"about":[{"href":"https:\/\/blogdoedvaldomagalhaes.com.br\/index.php\/wp-json\/wp\/v2\/types\/post"}],"author":[{"embeddable":true,"href":"https:\/\/blogdoedvaldomagalhaes.com.br\/index.php\/wp-json\/wp\/v2\/users\/1"}],"replies":[{"embeddable":true,"href":"https:\/\/blogdoedvaldomagalhaes.com.br\/index.php\/wp-json\/wp\/v2\/comments?post=76394"}],"version-history":[{"count":1,"href":"https:\/\/blogdoedvaldomagalhaes.com.br\/index.php\/wp-json\/wp\/v2\/posts\/76394\/revisions"}],"predecessor-version":[{"id":76396,"href":"https:\/\/blogdoedvaldomagalhaes.com.br\/index.php\/wp-json\/wp\/v2\/posts\/76394\/revisions\/76396"}],"wp:featuredmedia":[{"embeddable":true,"href":"https:\/\/blogdoedvaldomagalhaes.com.br\/index.php\/wp-json\/wp\/v2\/media\/76395"}],"wp:attachment":[{"href":"https:\/\/blogdoedvaldomagalhaes.com.br\/index.php\/wp-json\/wp\/v2\/media?parent=76394"}],"wp:term":[{"taxonomy":"category","embeddable":true,"href":"https:\/\/blogdoedvaldomagalhaes.com.br\/index.php\/wp-json\/wp\/v2\/categories?post=76394"},{"taxonomy":"post_tag","embeddable":true,"href":"https:\/\/blogdoedvaldomagalhaes.com.br\/index.php\/wp-json\/wp\/v2\/tags?post=76394"}],"curies":[{"name":"wp","href":"https:\/\/api.w.org\/{rel}","templated":true}]}}