{"id":76389,"date":"2021-10-20T19:33:17","date_gmt":"2021-10-20T22:33:17","guid":{"rendered":"https:\/\/blogdoedvaldomagalhaes.com.br\/?p=76389"},"modified":"2021-10-20T19:33:18","modified_gmt":"2021-10-20T22:33:18","slug":"feira-de-agricultura-familiar-de-caruaru-recebe-evento-do-microcredito-na-rua","status":"publish","type":"post","link":"https:\/\/blogdoedvaldomagalhaes.com.br\/index.php\/2021\/10\/20\/feira-de-agricultura-familiar-de-caruaru-recebe-evento-do-microcredito-na-rua\/","title":{"rendered":"Feira de Agricultura Familiar de Caruaru recebe evento do Microcr\u00e9dito na Rua"},"content":{"rendered":"<p style=\"text-align: justify;\">A Secretaria de Desenvolvimento Econ\u00f4mico, Turismo e Economia Criativa de Caruaru realiza, nesta quinta-feira (21), o segundo evento do programa Microcr\u00e9dito na Rua, a partir das 9h30, na Feira de Agricultura Familiar. O programa tem como objetivo impulsionar as atividades de empreendedores de neg\u00f3cios locais, atrav\u00e9s da concess\u00e3o de microcr\u00e9dito orientado, realizada pelos bancos credenciados, Santander e Nordeste.<\/p>\n<p style=\"text-align: justify;\">Na ocasi\u00e3o, as equipes das duas institui\u00e7\u00f5es banc\u00e1rias estar\u00e3o circulando pela feira, oferecendo aos cerca de 40 feirantes linhas de cr\u00e9dito para capital de giro e montagem de neg\u00f3cio. A iniciativa \u00e9 destinada, exclusivamente, para microempreendedores formais e informais, a exemplo de comerciantes, vendedores ambulantes, profissionais aut\u00f4nomos e prestadores de servi\u00e7os, bem como a pequenas cooperativas.<\/p>\n","protected":false},"excerpt":{"rendered":"<p>A Secretaria de Desenvolvimento Econ\u00f4mico, Turismo e Economia Criativa de Caruaru realiza, nesta quinta-feira (21), o segundo evento do programa&hellip;<\/p>\n","protected":false},"author":1,"featured_media":76390,"comment_status":"open","ping_status":"open","sticky":false,"template":"","format":"standard","meta":{"footnotes":""},"categories":[14120],"tags":[2,19532,3406,23172,6],"class_list":["post-76389","post","type-post","status-publish","format-standard","has-post-thumbnail","hentry","category-noticias","tag-blog-do-edvaldo-magalhaes","tag-blog-mais-acessado-e-visualizado-de-caruaru-e-regiao","tag-caruaru","tag-feira-de-agricultura-familiar-de-caruaru-recebe-evento-do-microcredito-na-rua","tag-noticias"],"_links":{"self":[{"href":"https:\/\/blogdoedvaldomagalhaes.com.br\/index.php\/wp-json\/wp\/v2\/posts\/76389","targetHints":{"allow":["GET"]}}],"collection":[{"href":"https:\/\/blogdoedvaldomagalhaes.com.br\/index.php\/wp-json\/wp\/v2\/posts"}],"about":[{"href":"https:\/\/blogdoedvaldomagalhaes.com.br\/index.php\/wp-json\/wp\/v2\/types\/post"}],"author":[{"embeddable":true,"href":"https:\/\/blogdoedvaldomagalhaes.com.br\/index.php\/wp-json\/wp\/v2\/users\/1"}],"replies":[{"embeddable":true,"href":"https:\/\/blogdoedvaldomagalhaes.com.br\/index.php\/wp-json\/wp\/v2\/comments?post=76389"}],"version-history":[{"count":1,"href":"https:\/\/blogdoedvaldomagalhaes.com.br\/index.php\/wp-json\/wp\/v2\/posts\/76389\/revisions"}],"predecessor-version":[{"id":76391,"href":"https:\/\/blogdoedvaldomagalhaes.com.br\/index.php\/wp-json\/wp\/v2\/posts\/76389\/revisions\/76391"}],"wp:featuredmedia":[{"embeddable":true,"href":"https:\/\/blogdoedvaldomagalhaes.com.br\/index.php\/wp-json\/wp\/v2\/media\/76390"}],"wp:attachment":[{"href":"https:\/\/blogdoedvaldomagalhaes.com.br\/index.php\/wp-json\/wp\/v2\/media?parent=76389"}],"wp:term":[{"taxonomy":"category","embeddable":true,"href":"https:\/\/blogdoedvaldomagalhaes.com.br\/index.php\/wp-json\/wp\/v2\/categories?post=76389"},{"taxonomy":"post_tag","embeddable":true,"href":"https:\/\/blogdoedvaldomagalhaes.com.br\/index.php\/wp-json\/wp\/v2\/tags?post=76389"}],"curies":[{"name":"wp","href":"https:\/\/api.w.org\/{rel}","templated":true}]}}