{"id":76385,"date":"2021-10-20T19:09:05","date_gmt":"2021-10-20T22:09:05","guid":{"rendered":"https:\/\/blogdoedvaldomagalhaes.com.br\/?p=76385"},"modified":"2021-10-20T19:41:47","modified_gmt":"2021-10-20T22:41:47","slug":"maconha-e-apreendida-dentro-de-estepe-de-carro-na-br-232","status":"publish","type":"post","link":"https:\/\/blogdoedvaldomagalhaes.com.br\/index.php\/2021\/10\/20\/maconha-e-apreendida-dentro-de-estepe-de-carro-na-br-232\/","title":{"rendered":"Maconha \u00e9 apreendida dentro de estepe de carro na BR-232"},"content":{"rendered":"<p style=\"text-align: justify;\"><span style=\"font-size: inherit;\">Na tarde desta quarta-feira (20), um casal foi preso pela Pol\u00edcia Rodovi\u00e1ria Federal (PRF) enquanto transportava 3 Kg de maconha no pneu estepe de um carro. O fato ocorreu no Km 240 da BR 232, em Arcoverde, no Sert\u00e3o de Pernambuco.<\/span><\/p>\n<p style=\"text-align: justify;\">Durante rondas de combate ao crime, policiais deram ordem de parada ao condutor de um ve\u00edculo com placas do Mercosul. O homem, de 43 anos, viajava ao lado de uma mulher, de 19 anos, e da filha dela, de tr\u00eas anos de idade. Ao vistoriar o ve\u00edculo, a equipe da PRF percebeu que o estepe apresentava sinais de deforma\u00e7\u00e3o e, ap\u00f3s uma verifica\u00e7\u00e3o, localizou a droga escondida na parte interna do pneu.<\/p>\n<p style=\"text-align: justify;\">O homem confirmou que havia sido contratado pelo padastro da mulher que estava com ele para transportar a maconha. Ele disse ainda que havia sa\u00eddo do munic\u00edpio de Bet\u00e2nia, no Sert\u00e3o pernambucano, e iria entregar a droga na Regi\u00e3o Metropolitana do Recife.<\/p>\n<p style=\"text-align: justify;\">O casal, a droga e o ve\u00edculo foram encaminhados \u00e0 Delegacia de Pol\u00edcia Civil de Arcoverde, enquanto a crian\u00e7a foi levada para o Conselho Tutelar da cidade.<\/p>\n\n\n<figure class=\"wp-block-image size-large\"><img loading=\"lazy\" decoding=\"async\" width=\"1024\" height=\"759\" src=\"https:\/\/blogdoedvaldomagalhaes.com.br\/wp-content\/uploads\/2021\/10\/IMG-20211020-WA0200-1024x759.jpg\" alt=\"\" class=\"wp-image-76387\" srcset=\"https:\/\/blogdoedvaldomagalhaes.com.br\/wp-content\/uploads\/2021\/10\/IMG-20211020-WA0200-1024x759.jpg 1024w, https:\/\/blogdoedvaldomagalhaes.com.br\/wp-content\/uploads\/2021\/10\/IMG-20211020-WA0200-300x222.jpg 300w, https:\/\/blogdoedvaldomagalhaes.com.br\/wp-content\/uploads\/2021\/10\/IMG-20211020-WA0200-768x569.jpg 768w, https:\/\/blogdoedvaldomagalhaes.com.br\/wp-content\/uploads\/2021\/10\/IMG-20211020-WA0200-160x120.jpg 160w, https:\/\/blogdoedvaldomagalhaes.com.br\/wp-content\/uploads\/2021\/10\/IMG-20211020-WA0200.jpg 1052w\" sizes=\"auto, (max-width: 1024px) 100vw, 1024px\" \/><\/figure>\n\n\n\n<figure class=\"wp-block-image size-large\"><img loading=\"lazy\" decoding=\"async\" width=\"984\" height=\"739\" src=\"https:\/\/blogdoedvaldomagalhaes.com.br\/wp-content\/uploads\/2021\/10\/IMG-20211020-WA0257.jpg\" alt=\"\" class=\"wp-image-76392\" srcset=\"https:\/\/blogdoedvaldomagalhaes.com.br\/wp-content\/uploads\/2021\/10\/IMG-20211020-WA0257.jpg 984w, https:\/\/blogdoedvaldomagalhaes.com.br\/wp-content\/uploads\/2021\/10\/IMG-20211020-WA0257-300x225.jpg 300w, https:\/\/blogdoedvaldomagalhaes.com.br\/wp-content\/uploads\/2021\/10\/IMG-20211020-WA0257-768x577.jpg 768w, https:\/\/blogdoedvaldomagalhaes.com.br\/wp-content\/uploads\/2021\/10\/IMG-20211020-WA0257-160x120.jpg 160w\" sizes=\"auto, (max-width: 984px) 100vw, 984px\" \/><figcaption>Fotos: PRF\/Divulga\u00e7\u00e3o<\/figcaption><\/figure>\n","protected":false},"excerpt":{"rendered":"<p>Na tarde desta quarta-feira (20), um casal foi preso pela Pol\u00edcia Rodovi\u00e1ria Federal (PRF) enquanto transportava 3 Kg de maconha&hellip;<\/p>\n","protected":false},"author":1,"featured_media":76386,"comment_status":"open","ping_status":"open","sticky":false,"template":"","format":"standard","meta":{"footnotes":""},"categories":[14121],"tags":[2,19532,3406,23171,2252],"class_list":["post-76385","post","type-post","status-publish","format-standard","has-post-thumbnail","hentry","category-policial","tag-blog-do-edvaldo-magalhaes","tag-blog-mais-acessado-e-visualizado-de-caruaru-e-regiao","tag-caruaru","tag-maconha-e-apreendida-dentro-de-estepe-de-carro-na-br-232","tag-noticia"],"_links":{"self":[{"href":"https:\/\/blogdoedvaldomagalhaes.com.br\/index.php\/wp-json\/wp\/v2\/posts\/76385","targetHints":{"allow":["GET"]}}],"collection":[{"href":"https:\/\/blogdoedvaldomagalhaes.com.br\/index.php\/wp-json\/wp\/v2\/posts"}],"about":[{"href":"https:\/\/blogdoedvaldomagalhaes.com.br\/index.php\/wp-json\/wp\/v2\/types\/post"}],"author":[{"embeddable":true,"href":"https:\/\/blogdoedvaldomagalhaes.com.br\/index.php\/wp-json\/wp\/v2\/users\/1"}],"replies":[{"embeddable":true,"href":"https:\/\/blogdoedvaldomagalhaes.com.br\/index.php\/wp-json\/wp\/v2\/comments?post=76385"}],"version-history":[{"count":2,"href":"https:\/\/blogdoedvaldomagalhaes.com.br\/index.php\/wp-json\/wp\/v2\/posts\/76385\/revisions"}],"predecessor-version":[{"id":76393,"href":"https:\/\/blogdoedvaldomagalhaes.com.br\/index.php\/wp-json\/wp\/v2\/posts\/76385\/revisions\/76393"}],"wp:featuredmedia":[{"embeddable":true,"href":"https:\/\/blogdoedvaldomagalhaes.com.br\/index.php\/wp-json\/wp\/v2\/media\/76386"}],"wp:attachment":[{"href":"https:\/\/blogdoedvaldomagalhaes.com.br\/index.php\/wp-json\/wp\/v2\/media?parent=76385"}],"wp:term":[{"taxonomy":"category","embeddable":true,"href":"https:\/\/blogdoedvaldomagalhaes.com.br\/index.php\/wp-json\/wp\/v2\/categories?post=76385"},{"taxonomy":"post_tag","embeddable":true,"href":"https:\/\/blogdoedvaldomagalhaes.com.br\/index.php\/wp-json\/wp\/v2\/tags?post=76385"}],"curies":[{"name":"wp","href":"https:\/\/api.w.org\/{rel}","templated":true}]}}