{"id":76363,"date":"2021-10-20T11:10:41","date_gmt":"2021-10-20T14:10:41","guid":{"rendered":"https:\/\/blogdoedvaldomagalhaes.com.br\/?p=76363"},"modified":"2021-10-20T11:10:42","modified_gmt":"2021-10-20T14:10:42","slug":"erick-lessa-se-reune-com-toyoteiros-e-epti-em-santa-cruz-do-capibaribe","status":"publish","type":"post","link":"https:\/\/blogdoedvaldomagalhaes.com.br\/index.php\/2021\/10\/20\/erick-lessa-se-reune-com-toyoteiros-e-epti-em-santa-cruz-do-capibaribe\/","title":{"rendered":"Erick Lessa se re\u00fane com toyoteiros e EPTI em Santa Cruz do Capibaribe"},"content":{"rendered":"<p style=\"text-align: justify;\"><span style=\"font-size: inherit;\">O deputado estadual Erick Lessa promoveu uma reuni\u00e3o para tratar sobre o transporte alternativo em Pernambuco. A atividade, que ocorreu na ter\u00e7a-feira (19) em Santa Cruz do Capibaribe, surgiu a partir de uma demanda de representantes da categoria. A diretora de Opera\u00e7\u00f5es da Empresa Pernambucana de Transporte Intermunicipal (EPTI), Roberta Menezes, participou da reuni\u00e3o e ouviu atentamente \u00e0s reivindica\u00e7\u00f5es da classe.<\/span><\/p>\n<p style=\"text-align: justify;\">Tamb\u00e9m estiveram no evento lideran\u00e7as de entidades representativas dos motoristas de transporte alternativo, a exemplo de Ivanildo In\u00e1cio, Jos\u00e9 Ronaldo e Eriberto Torres, que fazem parte da Cooperativa dos Transportadores Alternativos do Agreste de Pernambuco (CTTAAPE).<\/p>\n<p style=\"text-align: justify;\">Para o deputado Erick Lessa, \u00e9 preciso criar um plano estrat\u00e9gico de moderniza\u00e7\u00e3o do servi\u00e7o. \u201cAs transforma\u00e7\u00f5es necess\u00e1rias devem ser adotadas a partir do di\u00e1logo com a categoria, juntamente a estudos t\u00e9cnicos multidisciplinares. Reconhecemos e valorizamos a luta di\u00e1ria dos toyoteiros e vamos fazer o poss\u00edvel para que esta categoria continue mais forte e contribuindo com o desenvolvimento do nosso estado\u201d, relatou.<\/p>\n<p style=\"text-align: justify;\">Foto: Viliane Gomes<\/p>\n","protected":false},"excerpt":{"rendered":"<p>O deputado estadual Erick Lessa promoveu uma reuni\u00e3o para tratar sobre o transporte alternativo em Pernambuco. A atividade, que ocorreu&hellip;<\/p>\n","protected":false},"author":1,"featured_media":76364,"comment_status":"open","ping_status":"open","sticky":false,"template":"","format":"standard","meta":{"footnotes":""},"categories":[14122],"tags":[2,19532,3406,23169,6],"class_list":["post-76363","post","type-post","status-publish","format-standard","has-post-thumbnail","hentry","category-politica","tag-blog-do-edvaldo-magalhaes","tag-blog-mais-acessado-e-visualizado-de-caruaru-e-regiao","tag-caruaru","tag-erick-lessa-se-reune-com-toyoteiros-e-epti-em-santa-cruz-do-capibaribe","tag-noticias"],"_links":{"self":[{"href":"https:\/\/blogdoedvaldomagalhaes.com.br\/index.php\/wp-json\/wp\/v2\/posts\/76363","targetHints":{"allow":["GET"]}}],"collection":[{"href":"https:\/\/blogdoedvaldomagalhaes.com.br\/index.php\/wp-json\/wp\/v2\/posts"}],"about":[{"href":"https:\/\/blogdoedvaldomagalhaes.com.br\/index.php\/wp-json\/wp\/v2\/types\/post"}],"author":[{"embeddable":true,"href":"https:\/\/blogdoedvaldomagalhaes.com.br\/index.php\/wp-json\/wp\/v2\/users\/1"}],"replies":[{"embeddable":true,"href":"https:\/\/blogdoedvaldomagalhaes.com.br\/index.php\/wp-json\/wp\/v2\/comments?post=76363"}],"version-history":[{"count":1,"href":"https:\/\/blogdoedvaldomagalhaes.com.br\/index.php\/wp-json\/wp\/v2\/posts\/76363\/revisions"}],"predecessor-version":[{"id":76365,"href":"https:\/\/blogdoedvaldomagalhaes.com.br\/index.php\/wp-json\/wp\/v2\/posts\/76363\/revisions\/76365"}],"wp:featuredmedia":[{"embeddable":true,"href":"https:\/\/blogdoedvaldomagalhaes.com.br\/index.php\/wp-json\/wp\/v2\/media\/76364"}],"wp:attachment":[{"href":"https:\/\/blogdoedvaldomagalhaes.com.br\/index.php\/wp-json\/wp\/v2\/media?parent=76363"}],"wp:term":[{"taxonomy":"category","embeddable":true,"href":"https:\/\/blogdoedvaldomagalhaes.com.br\/index.php\/wp-json\/wp\/v2\/categories?post=76363"},{"taxonomy":"post_tag","embeddable":true,"href":"https:\/\/blogdoedvaldomagalhaes.com.br\/index.php\/wp-json\/wp\/v2\/tags?post=76363"}],"curies":[{"name":"wp","href":"https:\/\/api.w.org\/{rel}","templated":true}]}}