{"id":76360,"date":"2021-10-20T10:25:19","date_gmt":"2021-10-20T13:25:19","guid":{"rendered":"https:\/\/blogdoedvaldomagalhaes.com.br\/?p=76360"},"modified":"2021-10-20T10:25:21","modified_gmt":"2021-10-20T13:25:21","slug":"compesa-inicia-estudos-para-construcao-de-estacao-elevatoria-para-atender-vilas-do-3-distrito-em-caruaru","status":"publish","type":"post","link":"https:\/\/blogdoedvaldomagalhaes.com.br\/index.php\/2021\/10\/20\/compesa-inicia-estudos-para-construcao-de-estacao-elevatoria-para-atender-vilas-do-3-distrito-em-caruaru\/","title":{"rendered":"Compesa inicia estudos para constru\u00e7\u00e3o de esta\u00e7\u00e3o elevat\u00f3ria para atender Vilas do 3\u00b0 Distrito em Caruaru"},"content":{"rendered":"<p style=\"text-align: justify;\"><span style=\"font-size: inherit;\">Para atender solicita\u00e7\u00e3o do Deputado Tony Gel, o Dr. Denis Mendes, Gerente Regional da Compesa, informa que os estudos j\u00e1 foram iniciados, para elabora\u00e7\u00e3o do projeto que levar\u00e1 \u00e1gua tratada para Serra Velha, Saguim, S\u00edtio Campestre, Malhada de Pedra, dentre outras localidades.<\/span><\/p>\n<p style=\"text-align: justify;\">A esta\u00e7\u00e3o de tratamento ser\u00e1 localizada em Serra Verde.<\/p>\n<p style=\"text-align: justify;\">O Deputado Tony Gel agradece ao Dr Denis Mendes, que n\u00e3o tem medido esfor\u00e7os para desenvolver projetos que, em breve, far\u00e1 chegar \u00e1gua em muitas outras localidades da Zona Rural de Caruaru, a exemplo de Carapot\u00f3s, Caldeir\u00e3o, S\u00edtio Reinado, Brejo Novo e algumas localidades do quarto distrito.<\/p>\n","protected":false},"excerpt":{"rendered":"<p>Para atender solicita\u00e7\u00e3o do Deputado Tony Gel, o Dr. Denis Mendes, Gerente Regional da Compesa, informa que os estudos j\u00e1&hellip;<\/p>\n","protected":false},"author":1,"featured_media":76361,"comment_status":"open","ping_status":"open","sticky":false,"template":"","format":"standard","meta":{"footnotes":""},"categories":[14122],"tags":[2,19532,3406,23168,20,995],"class_list":["post-76360","post","type-post","status-publish","format-standard","has-post-thumbnail","hentry","category-politica","tag-blog-do-edvaldo-magalhaes","tag-blog-mais-acessado-e-visualizado-de-caruaru-e-regiao","tag-caruaru","tag-compesa-inicia-estudos-para-construcao-de-estacao-elevatoria-para-atender-vilas-do-3-distrito-em-caruaru","tag-politica","tag-tony-gel"],"_links":{"self":[{"href":"https:\/\/blogdoedvaldomagalhaes.com.br\/index.php\/wp-json\/wp\/v2\/posts\/76360","targetHints":{"allow":["GET"]}}],"collection":[{"href":"https:\/\/blogdoedvaldomagalhaes.com.br\/index.php\/wp-json\/wp\/v2\/posts"}],"about":[{"href":"https:\/\/blogdoedvaldomagalhaes.com.br\/index.php\/wp-json\/wp\/v2\/types\/post"}],"author":[{"embeddable":true,"href":"https:\/\/blogdoedvaldomagalhaes.com.br\/index.php\/wp-json\/wp\/v2\/users\/1"}],"replies":[{"embeddable":true,"href":"https:\/\/blogdoedvaldomagalhaes.com.br\/index.php\/wp-json\/wp\/v2\/comments?post=76360"}],"version-history":[{"count":1,"href":"https:\/\/blogdoedvaldomagalhaes.com.br\/index.php\/wp-json\/wp\/v2\/posts\/76360\/revisions"}],"predecessor-version":[{"id":76362,"href":"https:\/\/blogdoedvaldomagalhaes.com.br\/index.php\/wp-json\/wp\/v2\/posts\/76360\/revisions\/76362"}],"wp:featuredmedia":[{"embeddable":true,"href":"https:\/\/blogdoedvaldomagalhaes.com.br\/index.php\/wp-json\/wp\/v2\/media\/76361"}],"wp:attachment":[{"href":"https:\/\/blogdoedvaldomagalhaes.com.br\/index.php\/wp-json\/wp\/v2\/media?parent=76360"}],"wp:term":[{"taxonomy":"category","embeddable":true,"href":"https:\/\/blogdoedvaldomagalhaes.com.br\/index.php\/wp-json\/wp\/v2\/categories?post=76360"},{"taxonomy":"post_tag","embeddable":true,"href":"https:\/\/blogdoedvaldomagalhaes.com.br\/index.php\/wp-json\/wp\/v2\/tags?post=76360"}],"curies":[{"name":"wp","href":"https:\/\/api.w.org\/{rel}","templated":true}]}}