{"id":76353,"date":"2021-10-20T09:00:49","date_gmt":"2021-10-20T12:00:49","guid":{"rendered":"https:\/\/blogdoedvaldomagalhaes.com.br\/?p=76353"},"modified":"2021-10-20T09:03:30","modified_gmt":"2021-10-20T12:03:30","slug":"atropelamento-pedestre-morre-e-outro-fica-ferido-na-br-232","status":"publish","type":"post","link":"https:\/\/blogdoedvaldomagalhaes.com.br\/index.php\/2021\/10\/20\/atropelamento-pedestre-morre-e-outro-fica-ferido-na-br-232\/","title":{"rendered":"Atropelamento: Pedestre morre e outro fica ferido na BR 232"},"content":{"rendered":"<p style=\"text-align: justify;\">O acidente ocorreu por volta das 18h no km 46 da BR 232, em Vit\u00f3ria de Santo Ant\u00e3o, no sentido Recife.<\/p>\n<p style=\"text-align: justify;\">Dois homens que estavam atravessando a rodovia foram atropelados por um ve\u00edculo utilit\u00e1rio (Doblo).<\/p>\n<p style=\"text-align: justify;\">Um homem de 46 anos faleceu no local.<\/p>\n<p style=\"text-align: justify;\">O outro homem de 42 anos ficou ferido, a princ\u00edpio com uma fratura no p\u00e9. Ele foi encaminhado ao Hospital Jo\u00e3o Murilo em Vit\u00f3ria e estava aguardando transfer\u00eancia para o Hospital Ot\u00e1vio de Freitas.<\/p>\n<p style=\"text-align: justify;\">O motorista do Doblo n\u00e3o se feriu. Ele realizou o teste do baf\u00f4metro e o resultado foi normal.<\/p>\n<p style=\"text-align: justify;\">O pedestre ferido realizou o teste do baf\u00f4metro e o resultado foi de 0,96mg\/l, que indica o consumo de bebida alco\u00f3lica.<\/p>\n<p style=\"text-align: justify;\">Al\u00e9m da PRF, o Instituto de Criminal\u00edstica e a Pol\u00edcia Civil estiveram no local. A Pol\u00edcia Civil vai investigar o caso.<\/p>\n\n\n<figure class=\"wp-block-image size-large\"><img loading=\"lazy\" decoding=\"async\" width=\"1024\" height=\"536\" src=\"https:\/\/blogdoedvaldomagalhaes.com.br\/wp-content\/uploads\/2021\/10\/IMG-20211020-WA0056-1024x536.jpg\" alt=\"\" class=\"wp-image-76356\" srcset=\"https:\/\/blogdoedvaldomagalhaes.com.br\/wp-content\/uploads\/2021\/10\/IMG-20211020-WA0056-1024x536.jpg 1024w, https:\/\/blogdoedvaldomagalhaes.com.br\/wp-content\/uploads\/2021\/10\/IMG-20211020-WA0056-300x157.jpg 300w, https:\/\/blogdoedvaldomagalhaes.com.br\/wp-content\/uploads\/2021\/10\/IMG-20211020-WA0056-768x402.jpg 768w, https:\/\/blogdoedvaldomagalhaes.com.br\/wp-content\/uploads\/2021\/10\/IMG-20211020-WA0056.jpg 1070w\" sizes=\"auto, (max-width: 1024px) 100vw, 1024px\" \/><\/figure>\n\n\n\n<figure class=\"wp-block-image size-large\"><img loading=\"lazy\" decoding=\"async\" width=\"1024\" height=\"498\" src=\"https:\/\/blogdoedvaldomagalhaes.com.br\/wp-content\/uploads\/2021\/10\/IMG-20211020-WA0054-1024x498.jpg\" alt=\"\" class=\"wp-image-76357\" srcset=\"https:\/\/blogdoedvaldomagalhaes.com.br\/wp-content\/uploads\/2021\/10\/IMG-20211020-WA0054-1024x498.jpg 1024w, https:\/\/blogdoedvaldomagalhaes.com.br\/wp-content\/uploads\/2021\/10\/IMG-20211020-WA0054-300x146.jpg 300w, https:\/\/blogdoedvaldomagalhaes.com.br\/wp-content\/uploads\/2021\/10\/IMG-20211020-WA0054-768x373.jpg 768w, https:\/\/blogdoedvaldomagalhaes.com.br\/wp-content\/uploads\/2021\/10\/IMG-20211020-WA0054.jpg 1152w\" sizes=\"auto, (max-width: 1024px) 100vw, 1024px\" \/><figcaption>Fotos: PRF\/Divulga\u00e7\u00e3o<\/figcaption><\/figure>\n","protected":false},"excerpt":{"rendered":"<p>O acidente ocorreu por volta das 18h no km 46 da BR 232, em Vit\u00f3ria de Santo Ant\u00e3o, no sentido&hellip;<\/p>\n","protected":false},"author":1,"featured_media":76354,"comment_status":"open","ping_status":"open","sticky":false,"template":"","format":"standard","meta":{"footnotes":""},"categories":[14120],"tags":[14276,23167,2,19532,3406],"class_list":["post-76353","post","type-post","status-publish","format-standard","has-post-thumbnail","hentry","category-noticias","tag-acidente","tag-atropelamento-pedestre-morre-e-outro-fica-ferido-na-br-232","tag-blog-do-edvaldo-magalhaes","tag-blog-mais-acessado-e-visualizado-de-caruaru-e-regiao","tag-caruaru"],"_links":{"self":[{"href":"https:\/\/blogdoedvaldomagalhaes.com.br\/index.php\/wp-json\/wp\/v2\/posts\/76353","targetHints":{"allow":["GET"]}}],"collection":[{"href":"https:\/\/blogdoedvaldomagalhaes.com.br\/index.php\/wp-json\/wp\/v2\/posts"}],"about":[{"href":"https:\/\/blogdoedvaldomagalhaes.com.br\/index.php\/wp-json\/wp\/v2\/types\/post"}],"author":[{"embeddable":true,"href":"https:\/\/blogdoedvaldomagalhaes.com.br\/index.php\/wp-json\/wp\/v2\/users\/1"}],"replies":[{"embeddable":true,"href":"https:\/\/blogdoedvaldomagalhaes.com.br\/index.php\/wp-json\/wp\/v2\/comments?post=76353"}],"version-history":[{"count":2,"href":"https:\/\/blogdoedvaldomagalhaes.com.br\/index.php\/wp-json\/wp\/v2\/posts\/76353\/revisions"}],"predecessor-version":[{"id":76359,"href":"https:\/\/blogdoedvaldomagalhaes.com.br\/index.php\/wp-json\/wp\/v2\/posts\/76353\/revisions\/76359"}],"wp:featuredmedia":[{"embeddable":true,"href":"https:\/\/blogdoedvaldomagalhaes.com.br\/index.php\/wp-json\/wp\/v2\/media\/76354"}],"wp:attachment":[{"href":"https:\/\/blogdoedvaldomagalhaes.com.br\/index.php\/wp-json\/wp\/v2\/media?parent=76353"}],"wp:term":[{"taxonomy":"category","embeddable":true,"href":"https:\/\/blogdoedvaldomagalhaes.com.br\/index.php\/wp-json\/wp\/v2\/categories?post=76353"},{"taxonomy":"post_tag","embeddable":true,"href":"https:\/\/blogdoedvaldomagalhaes.com.br\/index.php\/wp-json\/wp\/v2\/tags?post=76353"}],"curies":[{"name":"wp","href":"https:\/\/api.w.org\/{rel}","templated":true}]}}