{"id":76350,"date":"2021-10-19T20:30:39","date_gmt":"2021-10-19T23:30:39","guid":{"rendered":"https:\/\/blogdoedvaldomagalhaes.com.br\/?p=76350"},"modified":"2021-10-19T20:30:40","modified_gmt":"2021-10-19T23:30:40","slug":"lote-com-mais-de-260-mil-doses-de-vacinas-da-pfizer-chega-a-pernambuco","status":"publish","type":"post","link":"https:\/\/blogdoedvaldomagalhaes.com.br\/index.php\/2021\/10\/19\/lote-com-mais-de-260-mil-doses-de-vacinas-da-pfizer-chega-a-pernambuco\/","title":{"rendered":"Lote com mais de 260 mil doses de vacinas da Pfizer chega a Pernambuco"},"content":{"rendered":"<p style=\"text-align: justify;\">Pernambuco recebeu, nesta ter\u00e7a-feira (19.10), mais 263.250 doses de vacinas contra Covid-19 da Pfizer\/BioNTech. Os imunizantes, que v\u00e3o possibilitar o avan\u00e7o na campanha de vacina\u00e7\u00e3o contra a Covid-19 no Estado, foram desembarcados no Aeroporto Internacional do Recife\/Guararapes \u2013 Gilberto Freyre no final desta tarde e j\u00e1 est\u00e3o na sede do Programa Estadual de Imuniza\u00e7\u00f5es (PNI-PE), na Zona Norte do Recife.<\/p>\n<p style=\"text-align: justify;\">As doses, recebidas em 38 volumes, ser\u00e3o direcionadas para novos esquemas vacinais de adolescentes e para aplica\u00e7\u00e3o de doses de refor\u00e7o em trabalhadores da sa\u00fade e idosos com mais de 60 anos que completaram o esquema vacinal h\u00e1 pelo menos seis meses, al\u00e9m de pacientes imunossuprimidos, a partir de 28 dias ap\u00f3s a segunda dose. O envio \u00e0s Ger\u00eancias Regionais de Sa\u00fade (Geres) acontecer\u00e1 ap\u00f3s a reuni\u00e3o de pactua\u00e7\u00e3o com os munic\u00edpios, na Comiss\u00e3o Intergestores Bipartite (CIB), marcada para a manh\u00e3 da pr\u00f3xima quinta-feira (21.10).<\/p>\n<p style=\"text-align: justify;\">Desde o in\u00edcio da campanha, em janeiro deste ano, Pernambuco j\u00e1 recebeu 13.890.600 doses de vacinas contra a Covid-19. Desse total, foram 4.707.170 da Astrazeneca\/Oxford\/Fiocruz, 4.481.720 da Coronavac\/Butantan, 4.527.900 da Pfizer\/BioNTech e 173.810 da Janssen.<\/p>\n","protected":false},"excerpt":{"rendered":"<p>Pernambuco recebeu, nesta ter\u00e7a-feira (19.10), mais 263.250 doses de vacinas contra Covid-19 da Pfizer\/BioNTech. Os imunizantes, que v\u00e3o possibilitar o&hellip;<\/p>\n","protected":false},"author":1,"featured_media":76351,"comment_status":"open","ping_status":"open","sticky":false,"template":"","format":"standard","meta":{"footnotes":""},"categories":[14120],"tags":[2,19532,3406,23166,6],"class_list":["post-76350","post","type-post","status-publish","format-standard","has-post-thumbnail","hentry","category-noticias","tag-blog-do-edvaldo-magalhaes","tag-blog-mais-acessado-e-visualizado-de-caruaru-e-regiao","tag-caruaru","tag-lote-com-mais-de-260-mil-doses-de-vacinas-da-pfizer-chega-a-pernambuco","tag-noticias"],"_links":{"self":[{"href":"https:\/\/blogdoedvaldomagalhaes.com.br\/index.php\/wp-json\/wp\/v2\/posts\/76350","targetHints":{"allow":["GET"]}}],"collection":[{"href":"https:\/\/blogdoedvaldomagalhaes.com.br\/index.php\/wp-json\/wp\/v2\/posts"}],"about":[{"href":"https:\/\/blogdoedvaldomagalhaes.com.br\/index.php\/wp-json\/wp\/v2\/types\/post"}],"author":[{"embeddable":true,"href":"https:\/\/blogdoedvaldomagalhaes.com.br\/index.php\/wp-json\/wp\/v2\/users\/1"}],"replies":[{"embeddable":true,"href":"https:\/\/blogdoedvaldomagalhaes.com.br\/index.php\/wp-json\/wp\/v2\/comments?post=76350"}],"version-history":[{"count":1,"href":"https:\/\/blogdoedvaldomagalhaes.com.br\/index.php\/wp-json\/wp\/v2\/posts\/76350\/revisions"}],"predecessor-version":[{"id":76352,"href":"https:\/\/blogdoedvaldomagalhaes.com.br\/index.php\/wp-json\/wp\/v2\/posts\/76350\/revisions\/76352"}],"wp:featuredmedia":[{"embeddable":true,"href":"https:\/\/blogdoedvaldomagalhaes.com.br\/index.php\/wp-json\/wp\/v2\/media\/76351"}],"wp:attachment":[{"href":"https:\/\/blogdoedvaldomagalhaes.com.br\/index.php\/wp-json\/wp\/v2\/media?parent=76350"}],"wp:term":[{"taxonomy":"category","embeddable":true,"href":"https:\/\/blogdoedvaldomagalhaes.com.br\/index.php\/wp-json\/wp\/v2\/categories?post=76350"},{"taxonomy":"post_tag","embeddable":true,"href":"https:\/\/blogdoedvaldomagalhaes.com.br\/index.php\/wp-json\/wp\/v2\/tags?post=76350"}],"curies":[{"name":"wp","href":"https:\/\/api.w.org\/{rel}","templated":true}]}}