{"id":76345,"date":"2021-10-19T18:37:37","date_gmt":"2021-10-19T21:37:37","guid":{"rendered":"https:\/\/blogdoedvaldomagalhaes.com.br\/?p=76345"},"modified":"2021-10-19T18:37:38","modified_gmt":"2021-10-19T21:37:38","slug":"vereador-irmao-ronaldo-recebe-homenagem-da-faculdade-uninassau-caruaru","status":"publish","type":"post","link":"https:\/\/blogdoedvaldomagalhaes.com.br\/index.php\/2021\/10\/19\/vereador-irmao-ronaldo-recebe-homenagem-da-faculdade-uninassau-caruaru\/","title":{"rendered":"Vereador Irm\u00e3o Ronaldo recebe homenagem da Faculdade Uninassau Caruaru"},"content":{"rendered":"<p style=\"text-align: justify;\"><span style=\"font-weight: 400;\">O vereador Irm\u00e3o Ronaldo foi homenageado pela Faculdade UNINASSAU Caruaru, ao lado do secret\u00e1rio Municipal de Educa\u00e7\u00e3o Jo\u00e3o Paulo e do Presidente da C\u00e2mara de Vereadores Bruno Lambreta, nessa segunda-feira (18), na quinta edi\u00e7\u00e3o da premia\u00e7\u00e3o Personalidades da Educa\u00e7\u00e3o. O evento teve como objetivo reconhecer o trabalho dos profissionais de educa\u00e7\u00e3o, em especial os professores, como forma de estimular a continuidade dele. A atividade aconteceu \u00e0s 19h, no audit\u00f3rio da Institui\u00e7\u00e3o, de forma presencial, respeitando as orienta\u00e7\u00f5es higi\u00eanico-sanit\u00e1rios quanto \u00e0 Covid-19.\u00a0 \u00a0<\/span><\/p>\n<p style=\"text-align: justify;\"><span style=\"font-weight: 400;\">Foram homenageados professores da rede de educa\u00e7\u00e3o p\u00fablica e privada do munic\u00edpio de Caruaru, indicados pelas equipes gestoras das escolas. A programa\u00e7\u00e3o, preparada especialmente para os homenageados e convidados, houve tamb\u00e9m entrega de certificado e trof\u00e9u como premia\u00e7\u00e3o.\u00a0<\/span><\/p>\n<p style=\"text-align: justify;\"><span style=\"font-weight: 400;\">A diretora da UNINASSAU Caruaru, Aislane Belo, ressaltou a import\u00e2ncia do evento e como ele ajuda no reconhecimento do papel do professor. &#8220;Criamos essa premia\u00e7\u00e3o n\u00e3o para apontar os melhores, pois muitos professores se esfor\u00e7am a cada dia em escolas de toda a regi\u00e3o, mas para premiarmos aqueles que representam esses professores que se destacam em suas respectivas escolas\u201d, destaca.\u00a0\u00a0<\/span><\/p>\n<p style=\"text-align: justify;\">&#8220;Estudou muito feliz por ser um dos homenageados. Tenho trabalhado por melhorias em prol da educa\u00e7\u00e3o do nosso munic\u00edpio. Agrade\u00e7o a todos que fazem a Uninassau&#8221;, afirmou o vereador Irm\u00e3o Ronaldo.<\/p>\n\n\n<figure class=\"wp-block-image size-large\"><img loading=\"lazy\" decoding=\"async\" width=\"768\" height=\"1024\" src=\"https:\/\/blogdoedvaldomagalhaes.com.br\/wp-content\/uploads\/2021\/10\/IMG-20211018-WA0272-768x1024.jpg\" alt=\"\" class=\"wp-image-76348\" srcset=\"https:\/\/blogdoedvaldomagalhaes.com.br\/wp-content\/uploads\/2021\/10\/IMG-20211018-WA0272-768x1024.jpg 768w, https:\/\/blogdoedvaldomagalhaes.com.br\/wp-content\/uploads\/2021\/10\/IMG-20211018-WA0272-225x300.jpg 225w, https:\/\/blogdoedvaldomagalhaes.com.br\/wp-content\/uploads\/2021\/10\/IMG-20211018-WA0272-1152x1536.jpg 1152w, https:\/\/blogdoedvaldomagalhaes.com.br\/wp-content\/uploads\/2021\/10\/IMG-20211018-WA0272.jpg 1200w\" sizes=\"auto, (max-width: 768px) 100vw, 768px\" \/><figcaption>Vereador Irm\u00e3o Ronaldo e Aislane Belo<\/figcaption><\/figure>\n\n\n\n<figure class=\"wp-block-image size-large\"><img loading=\"lazy\" decoding=\"async\" width=\"1024\" height=\"768\" src=\"https:\/\/blogdoedvaldomagalhaes.com.br\/wp-content\/uploads\/2021\/10\/IMG-20211018-WA0274-1024x768.jpg\" alt=\"\" class=\"wp-image-76347\" srcset=\"https:\/\/blogdoedvaldomagalhaes.com.br\/wp-content\/uploads\/2021\/10\/IMG-20211018-WA0274-1024x768.jpg 1024w, https:\/\/blogdoedvaldomagalhaes.com.br\/wp-content\/uploads\/2021\/10\/IMG-20211018-WA0274-300x225.jpg 300w, https:\/\/blogdoedvaldomagalhaes.com.br\/wp-content\/uploads\/2021\/10\/IMG-20211018-WA0274-768x576.jpg 768w, https:\/\/blogdoedvaldomagalhaes.com.br\/wp-content\/uploads\/2021\/10\/IMG-20211018-WA0274-1536x1152.jpg 1536w, https:\/\/blogdoedvaldomagalhaes.com.br\/wp-content\/uploads\/2021\/10\/IMG-20211018-WA0274-160x120.jpg 160w, https:\/\/blogdoedvaldomagalhaes.com.br\/wp-content\/uploads\/2021\/10\/IMG-20211018-WA0274.jpg 1600w\" sizes=\"auto, (max-width: 1024px) 100vw, 1024px\" \/><figcaption>Vereadores Irm\u00e3o Ronaldo e Bruno Lambreta<\/figcaption><\/figure>\n\n\n","protected":false},"excerpt":{"rendered":"<p>O vereador Irm\u00e3o Ronaldo foi homenageado pela Faculdade UNINASSAU Caruaru, ao lado do secret\u00e1rio Municipal de Educa\u00e7\u00e3o Jo\u00e3o Paulo e&hellip;<\/p>\n","protected":false},"author":1,"featured_media":76346,"comment_status":"open","ping_status":"open","sticky":false,"template":"","format":"standard","meta":{"footnotes":""},"categories":[14122],"tags":[2,19532,3406,23165],"class_list":["post-76345","post","type-post","status-publish","format-standard","has-post-thumbnail","hentry","category-politica","tag-blog-do-edvaldo-magalhaes","tag-blog-mais-acessado-e-visualizado-de-caruaru-e-regiao","tag-caruaru","tag-vereador-irmao-ronaldo-recebe-homenagem-da-faculdade-uninassau-caruaru"],"_links":{"self":[{"href":"https:\/\/blogdoedvaldomagalhaes.com.br\/index.php\/wp-json\/wp\/v2\/posts\/76345","targetHints":{"allow":["GET"]}}],"collection":[{"href":"https:\/\/blogdoedvaldomagalhaes.com.br\/index.php\/wp-json\/wp\/v2\/posts"}],"about":[{"href":"https:\/\/blogdoedvaldomagalhaes.com.br\/index.php\/wp-json\/wp\/v2\/types\/post"}],"author":[{"embeddable":true,"href":"https:\/\/blogdoedvaldomagalhaes.com.br\/index.php\/wp-json\/wp\/v2\/users\/1"}],"replies":[{"embeddable":true,"href":"https:\/\/blogdoedvaldomagalhaes.com.br\/index.php\/wp-json\/wp\/v2\/comments?post=76345"}],"version-history":[{"count":1,"href":"https:\/\/blogdoedvaldomagalhaes.com.br\/index.php\/wp-json\/wp\/v2\/posts\/76345\/revisions"}],"predecessor-version":[{"id":76349,"href":"https:\/\/blogdoedvaldomagalhaes.com.br\/index.php\/wp-json\/wp\/v2\/posts\/76345\/revisions\/76349"}],"wp:featuredmedia":[{"embeddable":true,"href":"https:\/\/blogdoedvaldomagalhaes.com.br\/index.php\/wp-json\/wp\/v2\/media\/76346"}],"wp:attachment":[{"href":"https:\/\/blogdoedvaldomagalhaes.com.br\/index.php\/wp-json\/wp\/v2\/media?parent=76345"}],"wp:term":[{"taxonomy":"category","embeddable":true,"href":"https:\/\/blogdoedvaldomagalhaes.com.br\/index.php\/wp-json\/wp\/v2\/categories?post=76345"},{"taxonomy":"post_tag","embeddable":true,"href":"https:\/\/blogdoedvaldomagalhaes.com.br\/index.php\/wp-json\/wp\/v2\/tags?post=76345"}],"curies":[{"name":"wp","href":"https:\/\/api.w.org\/{rel}","templated":true}]}}