{"id":76342,"date":"2021-10-19T17:49:32","date_gmt":"2021-10-19T20:49:32","guid":{"rendered":"https:\/\/blogdoedvaldomagalhaes.com.br\/?p=76342"},"modified":"2021-10-19T17:49:34","modified_gmt":"2021-10-19T20:49:34","slug":"apos-caso-de-grande-repercussao-anderson-correia-reforca-a-importancia-de-denunciar-maus-tratos-aos-animais","status":"publish","type":"post","link":"https:\/\/blogdoedvaldomagalhaes.com.br\/index.php\/2021\/10\/19\/apos-caso-de-grande-repercussao-anderson-correia-reforca-a-importancia-de-denunciar-maus-tratos-aos-animais\/","title":{"rendered":"Ap\u00f3s caso de grande repercuss\u00e3o, Anderson Correia refor\u00e7a a import\u00e2ncia de denunciar maus-tratos aos animais"},"content":{"rendered":"<p style=\"text-align: justify;\"><span style=\"font-size: inherit;\">Refer\u00eancia no interior de Pernambuco no combate aos maus-tratos aos animais, o vereador e Presidente da Comiss\u00e3o Permanente dos Direitos do Animais, Anderson Correia (PP), trouxe \u00e0 tona a import\u00e2ncia da popula\u00e7\u00e3o realizar den\u00fancias de agress\u00f5es e situa\u00e7\u00f5es de crimes de maus-tratos a todo tipo de animal, ap\u00f3s encontrar v\u00e1rios animais abandonados em um s\u00edtio, \u00e0s margens da BR-232, em Caruaru, na manh\u00e3 da \u00faltima quinta-feira (14), que teve grande repercuss\u00e3o em todo o Agreste.<\/span><\/p>\n<p style=\"text-align: justify;\">No local, foram resgatados 13 porcos e quase 60 filhotes, quatro cachorros e quatro jumentos, e tudo isso s\u00f3 foi poss\u00edvel ap\u00f3s uma den\u00fancia, como relata o parlamentar. \u201cFoi um caso de grande repercuss\u00e3o, devido \u00e0 gravidade encontrada num ambiente totalmente insalubre e sem as m\u00ednimas condi\u00e7\u00f5es de se criar animais, al\u00e9m de todo contexto que est\u00e1 sendo investigado. Algo chocante, mas com um final feliz para os animais que conseguimos resgatar, gra\u00e7as a uma den\u00fancia feita ao Disque Den\u00fancia\u201d, frizou o edil, que complementa.<\/p>\n<p style=\"text-align: justify;\">\u201cPor isso, queremos refor\u00e7ar o qu\u00e3o importante \u00e9 denunciar toda pr\u00e1tica de maus-tratos. Mas ressaltamos que, o denunciante sempre produza provas, tire fotos, fa\u00e7a v\u00eddeos, chame algu\u00e9m para presenciar e servir de testemunha, pois alega\u00e7\u00e3o sem prova, n\u00e3o surte efeito. Uma den\u00fancia feita com todos esses pormenores pode salvar vidas\u201d, destaca o parlamentar.<\/p>\n<p style=\"text-align: justify;\">Inclusive, na \u00faltima semana, Anderson lan\u00e7ou um canal exclusivo em seu gabinete para registros de den\u00fancias relacionadas \u00e0 causa animal e atendimento \u00e0 popula\u00e7\u00e3o, o \u201cFala, povo\u201d. Pelo n\u00famero (81) 9 7341-5825 \u2013 WhatsApp, as pessoas poder\u00e3o encaminhar relatos, fotos, \u00e1udios e v\u00eddeos de casos que envolvam viol\u00eancia e maus-tratos contra animais, al\u00e9m de solicitar demandas do gabinete do parlamentar.<\/p>\n","protected":false},"excerpt":{"rendered":"<p>Refer\u00eancia no interior de Pernambuco no combate aos maus-tratos aos animais, o vereador e Presidente da Comiss\u00e3o Permanente dos Direitos&hellip;<\/p>\n","protected":false},"author":1,"featured_media":76343,"comment_status":"open","ping_status":"open","sticky":false,"template":"","format":"standard","meta":{"footnotes":""},"categories":[14122],"tags":[23164,2,19532,3406],"class_list":["post-76342","post","type-post","status-publish","format-standard","has-post-thumbnail","hentry","category-politica","tag-apos-caso-de-grande-repercussao-anderson-correia-reforca-a-importancia-de-denunciar-maus-tratos-aos-animais","tag-blog-do-edvaldo-magalhaes","tag-blog-mais-acessado-e-visualizado-de-caruaru-e-regiao","tag-caruaru"],"_links":{"self":[{"href":"https:\/\/blogdoedvaldomagalhaes.com.br\/index.php\/wp-json\/wp\/v2\/posts\/76342","targetHints":{"allow":["GET"]}}],"collection":[{"href":"https:\/\/blogdoedvaldomagalhaes.com.br\/index.php\/wp-json\/wp\/v2\/posts"}],"about":[{"href":"https:\/\/blogdoedvaldomagalhaes.com.br\/index.php\/wp-json\/wp\/v2\/types\/post"}],"author":[{"embeddable":true,"href":"https:\/\/blogdoedvaldomagalhaes.com.br\/index.php\/wp-json\/wp\/v2\/users\/1"}],"replies":[{"embeddable":true,"href":"https:\/\/blogdoedvaldomagalhaes.com.br\/index.php\/wp-json\/wp\/v2\/comments?post=76342"}],"version-history":[{"count":1,"href":"https:\/\/blogdoedvaldomagalhaes.com.br\/index.php\/wp-json\/wp\/v2\/posts\/76342\/revisions"}],"predecessor-version":[{"id":76344,"href":"https:\/\/blogdoedvaldomagalhaes.com.br\/index.php\/wp-json\/wp\/v2\/posts\/76342\/revisions\/76344"}],"wp:featuredmedia":[{"embeddable":true,"href":"https:\/\/blogdoedvaldomagalhaes.com.br\/index.php\/wp-json\/wp\/v2\/media\/76343"}],"wp:attachment":[{"href":"https:\/\/blogdoedvaldomagalhaes.com.br\/index.php\/wp-json\/wp\/v2\/media?parent=76342"}],"wp:term":[{"taxonomy":"category","embeddable":true,"href":"https:\/\/blogdoedvaldomagalhaes.com.br\/index.php\/wp-json\/wp\/v2\/categories?post=76342"},{"taxonomy":"post_tag","embeddable":true,"href":"https:\/\/blogdoedvaldomagalhaes.com.br\/index.php\/wp-json\/wp\/v2\/tags?post=76342"}],"curies":[{"name":"wp","href":"https:\/\/api.w.org\/{rel}","templated":true}]}}