{"id":76339,"date":"2021-10-19T17:43:13","date_gmt":"2021-10-19T20:43:13","guid":{"rendered":"https:\/\/blogdoedvaldomagalhaes.com.br\/?p=76339"},"modified":"2021-10-19T17:43:15","modified_gmt":"2021-10-19T20:43:15","slug":"erick-lessa-recebe-apoio-do-policial-penal-e-suplente-de-vereador-de-caruaru-sergio-siqueira","status":"publish","type":"post","link":"https:\/\/blogdoedvaldomagalhaes.com.br\/index.php\/2021\/10\/19\/erick-lessa-recebe-apoio-do-policial-penal-e-suplente-de-vereador-de-caruaru-sergio-siqueira\/","title":{"rendered":"Erick Lessa recebe apoio do policial penal e suplente de vereador de Caruaru, S\u00e9rgio Siqueira"},"content":{"rendered":"<p style=\"text-align: justify;\"><span style=\"font-size: inherit;\">Com uma mensagem de comprometimento com o servi\u00e7o p\u00fablico, o projeto pol\u00edtico do deputado estadual Erick Lessa vem recebendo apoio de v\u00e1rias lideran\u00e7as. Nesta ter\u00e7a-feira (19), o policial penal e suplente de vereador de Caruaru S\u00e9rgio Siqueira declarou publicamente que vai marchar na fileira do parlamentar.<\/span><\/p>\n<p style=\"text-align: justify;\">\u201cO apoio de lideran\u00e7as de variadas matizes s\u00f3 refor\u00e7a nosso trabalho, cujo objetivo \u00e9 promover desenvolvimento, seguran\u00e7a e bem-estar \u00e0 popula\u00e7\u00e3o\u201d, avalia o deputado Erick Lessa.<\/p>\n<p style=\"text-align: justify;\">Natural de Caruaru, S\u00e9rgio Siqueira \u00e9 bacharel em Direito e atua como policial penal no pres\u00eddio de Caruaru. J\u00e1 foi diretor da Penitenci\u00e1ria Juiz Pl\u00e1cido de Souza, desenvolvendo uma gest\u00e3o que recebeu muitos elogios devido ao seu car\u00e1ter moderno e participativo. Foi vereador em 2016, obtendo 1.725 votos; j\u00e1 em 2020 aumentou sua inser\u00e7\u00e3o alcan\u00e7ando 1.851 e ocupa a primeira supl\u00eancia.<\/p>\n<p style=\"text-align: justify;\">Foto: Viliane Gomes<\/p>\n","protected":false},"excerpt":{"rendered":"<p>Com uma mensagem de comprometimento com o servi\u00e7o p\u00fablico, o projeto pol\u00edtico do deputado estadual Erick Lessa vem recebendo apoio&hellip;<\/p>\n","protected":false},"author":1,"featured_media":76340,"comment_status":"open","ping_status":"open","sticky":false,"template":"","format":"standard","meta":{"footnotes":""},"categories":[14122],"tags":[2,19532,3406,23163],"class_list":["post-76339","post","type-post","status-publish","format-standard","has-post-thumbnail","hentry","category-politica","tag-blog-do-edvaldo-magalhaes","tag-blog-mais-acessado-e-visualizado-de-caruaru-e-regiao","tag-caruaru","tag-erick-lessa-recebe-apoio-do-policial-penal-e-suplente-de-vereador-de-caruaru-sergio-siqueira"],"_links":{"self":[{"href":"https:\/\/blogdoedvaldomagalhaes.com.br\/index.php\/wp-json\/wp\/v2\/posts\/76339","targetHints":{"allow":["GET"]}}],"collection":[{"href":"https:\/\/blogdoedvaldomagalhaes.com.br\/index.php\/wp-json\/wp\/v2\/posts"}],"about":[{"href":"https:\/\/blogdoedvaldomagalhaes.com.br\/index.php\/wp-json\/wp\/v2\/types\/post"}],"author":[{"embeddable":true,"href":"https:\/\/blogdoedvaldomagalhaes.com.br\/index.php\/wp-json\/wp\/v2\/users\/1"}],"replies":[{"embeddable":true,"href":"https:\/\/blogdoedvaldomagalhaes.com.br\/index.php\/wp-json\/wp\/v2\/comments?post=76339"}],"version-history":[{"count":1,"href":"https:\/\/blogdoedvaldomagalhaes.com.br\/index.php\/wp-json\/wp\/v2\/posts\/76339\/revisions"}],"predecessor-version":[{"id":76341,"href":"https:\/\/blogdoedvaldomagalhaes.com.br\/index.php\/wp-json\/wp\/v2\/posts\/76339\/revisions\/76341"}],"wp:featuredmedia":[{"embeddable":true,"href":"https:\/\/blogdoedvaldomagalhaes.com.br\/index.php\/wp-json\/wp\/v2\/media\/76340"}],"wp:attachment":[{"href":"https:\/\/blogdoedvaldomagalhaes.com.br\/index.php\/wp-json\/wp\/v2\/media?parent=76339"}],"wp:term":[{"taxonomy":"category","embeddable":true,"href":"https:\/\/blogdoedvaldomagalhaes.com.br\/index.php\/wp-json\/wp\/v2\/categories?post=76339"},{"taxonomy":"post_tag","embeddable":true,"href":"https:\/\/blogdoedvaldomagalhaes.com.br\/index.php\/wp-json\/wp\/v2\/tags?post=76339"}],"curies":[{"name":"wp","href":"https:\/\/api.w.org\/{rel}","templated":true}]}}