{"id":7632,"date":"2016-11-21T02:08:00","date_gmt":"2016-11-21T04:08:00","guid":{"rendered":"http:\/\/blogdoedvaldomagalhaes.com.br\/index.php\/2016\/11\/21\/santa-cruz-e-atletico-fazem-jogo\/"},"modified":"2019-02-09T01:06:58","modified_gmt":"2019-02-09T03:06:58","slug":"santa-cruz-e-atletico-fazem-jogo","status":"publish","type":"post","link":"https:\/\/blogdoedvaldomagalhaes.com.br\/index.php\/2016\/11\/21\/santa-cruz-e-atletico-fazem-jogo\/","title":{"rendered":"Santa Cruz e Atl\u00e9tico fazem jogo emocionante e cheio de gols"},"content":{"rendered":"<div class=\"separator\" style=\"clear: both; text-align: center;\">\n<a href=\"https:\/\/3.bp.blogspot.com\/-rQq6vUd2eYs\/WDJWlqODoGI\/AAAAAAAAKMU\/ebEVYr6ONN8Emm3r4uebtGV98jjVTmLSQCLcB\/s1600\/genval.jpg\" imageanchor=\"1\" style=\"margin-left: 1em; margin-right: 1em;\"><img loading=\"lazy\" decoding=\"async\" border=\"0\" height=\"266\" src=\"http:\/\/blogdoedvaldomagalhaes.com.br\/wp-content\/uploads\/2016\/11\/genval.jpg\" width=\"400\" \/><\/a><\/div>\n<div style=\"box-sizing: border-box; letter-spacing: 0.1px; line-height: 1.5em; margin-bottom: 1em; text-align: center;\">\nFoto: Genival Fernandes<\/div>\n<div style=\"box-sizing: border-box; letter-spacing: 0.1px; line-height: 1.5em; margin-bottom: 1em; text-align: justify;\">\nSanta Cruz e Atl\u00e9tico Mineiro empataram por 3 a 3, na noite deste domingo (20), no Est\u00e1dio do Arruda, pela 36\u00aa rodada do Campeonato Brasileiro, em partida bastante movimentada. O&nbsp;Santa Cruz, embora j\u00e1 rebaixado, deseja terminar o torneio nacional com dignidade, enquanto que o&nbsp;&nbsp;Atl\u00e9tico-MG entrou em campo com sua equipe alternativa, j\u00e1 que o foco \u00e9 chegar bem na Copa do Brasil, no jogo contra o Gr\u00eamio, na quarta-feira (23), no Mineir\u00e3o. Por isso o t\u00e9cnico Marcelo Oliveira mandou seu time reserva a campo, somente Fred dos titulares.<\/div>\n<div style=\"box-sizing: border-box; letter-spacing: 0.1px; line-height: 1.5em; margin-bottom: 1em; text-align: justify;\">\nO Galo mesmo com os reservas, segurou a bola e mandou na partida, a Cobra Coral aceitou a situa\u00e7\u00e3o, mas respondeu com contra-ataques r\u00e1pidos, sempre puxados por Keno, que fez uma \u00f3tima partida.<\/div>\n<div style=\"box-sizing: border-box; letter-spacing: 0.1px; line-height: 1.5em; margin-bottom: 1em; text-align: justify;\">\nO Santa Cruz recebe o Gr\u00eamio no pr\u00f3ximo domingo (27), pelo Campeonato Brasileiro.<\/div>\n<div style=\"box-sizing: border-box; letter-spacing: 0.1px; line-height: 1.5em; margin-bottom: 1em;\">\n<\/div>\n<div style=\"text-align: justify;\">\n<strong style=\"box-sizing: border-box; letter-spacing: 0.1px;\">FICHA T\u00c9CNICA<\/strong><\/div>\n<p><strong style=\"box-sizing: border-box; font-family: arial, helvetica, sans-serif; text-align: justify;\"><strong style=\"box-sizing: border-box; letter-spacing: 0.1px;\"><br \/><\/strong><\/strong><br \/>\n<strong style=\"box-sizing: border-box; font-family: arial, helvetica, sans-serif; text-align: justify;\"><strong style=\"box-sizing: border-box; letter-spacing: 0.1px;\">\u00c1rbitro:<\/strong>&nbsp;Wagner do Nascimento Magalh\u00e3es (RJ).&nbsp;<\/strong><strong style=\"box-sizing: border-box; font-family: arial, helvetica, sans-serif; letter-spacing: 0.1px; text-align: justify;\">Assistentes:<\/strong>&nbsp;Rodrigo Henrique Correa (RJ) e Dibert Pedrosa Moises (RJ)<\/p>\n<div style=\"text-align: justify;\">\n<strong style=\"box-sizing: border-box; letter-spacing: 0.1px;\"><\/strong><\/div>\n<div style=\"box-sizing: border-box; letter-spacing: 0.1px; line-height: 1.5em; margin-bottom: 1em;\">\n<strong style=\"box-sizing: border-box;\"><\/strong><strong style=\"box-sizing: border-box;\"><\/strong><\/div>\n<div style=\"text-align: justify;\">\n<strong style=\"box-sizing: border-box; font-weight: bold; letter-spacing: 0.1px;\">Cart\u00f5es Amarelos:<\/strong>&nbsp;Neris, Jadson (Santa Cruz).&nbsp;<\/p>\n<div style=\"display: inline !important;\">\n<strong style=\"box-sizing: border-box; font-weight: bold; letter-spacing: 0.1px;\">Cart\u00f5es Vermelhos:<\/strong>&nbsp;Cazares (Atl\u00e9tico); Jadson (Santa Cruz)<\/div>\n<\/div>\n<div style=\"text-align: justify;\">\n<\/div>\n<p><\/p>\n<div style=\"box-sizing: border-box; letter-spacing: 0.1px; line-height: 1.5em; margin-bottom: 1em; text-align: justify;\">\n<strong style=\"box-sizing: border-box;\">Gols:&nbsp;<\/strong>Grafite, aos 13, Keno, aos 30 do primeiro tempo. Vitor, aos 13 do segundo tempo (Santa Cruz),&nbsp;Fred, aos cinco minutos do primeiro tempo; Clayton, aos nove, e Hyuri, aos 34 minutos do segundo tempo (Atl\u00e9tico-MG)<\/div>\n<div style=\"box-sizing: border-box; letter-spacing: 0.1px; line-height: 1.5em; margin-bottom: 1em; text-align: justify;\">\n<strong style=\"box-sizing: border-box; letter-spacing: 0.1px;\">SANTA CRUZ:<\/strong>&nbsp;Tiago Cardoso; V\u00edtor (Danilo Pires), Neris, Danny Morais e Roberto; Jo\u00e3o Paulo, Jadson , L\u00e9o Moura e Artur (Marion); Keno e Grafite (Mazinho).&nbsp;<strong style=\"box-sizing: border-box; letter-spacing: 0.1px;\">T\u00e9cnico:<\/strong>&nbsp;Adriano Teixeira<\/div>\n<div style=\"box-sizing: border-box; letter-spacing: 0.1px; line-height: 1.5em; margin-bottom: 1em;\">\n<\/div>\n<div style=\"text-align: justify;\">\n<strong style=\"box-sizing: border-box; letter-spacing: 0.1px;\">ATL\u00c9TICO-MG:<\/strong>&nbsp;Giovanni; Marcos Rocha (Alex Silva), Jesiel, Edcarlos, Leonan, Rafael Carioca, Lucas C\u00e2ndido, Carlos Eduardo (Hyuri), Clayton, Cazares e Fred.&nbsp;<strong style=\"box-sizing: border-box; letter-spacing: 0.1px;\">T\u00e9cnico:<\/strong>&nbsp;Marcelo Oliveira<\/div>\n","protected":false},"excerpt":{"rendered":"<p>Foto: Genival Fernandes Santa Cruz e Atl\u00e9tico Mineiro empataram por 3 a 3, na noite deste domingo (20), no Est\u00e1dio&hellip;<\/p>\n","protected":false},"author":1,"featured_media":0,"comment_status":"open","ping_status":"open","sticky":false,"template":"","format":"standard","meta":{"footnotes":""},"categories":[1],"tags":[10444,2,10981,3,6285,10982,10983,10984],"class_list":["post-7632","post","type-post","status-publish","format-standard","hentry","category-sem-categoria","tag-adriano-teixeira","tag-blog-do-edvaldo-magalhaes","tag-fred","tag-futebol","tag-grafite","tag-keno","tag-marcelo-oliveira","tag-santa-cruz-e-atletico-fazem-jogo-emocionante-e-cheio-de-gols"],"_links":{"self":[{"href":"https:\/\/blogdoedvaldomagalhaes.com.br\/index.php\/wp-json\/wp\/v2\/posts\/7632","targetHints":{"allow":["GET"]}}],"collection":[{"href":"https:\/\/blogdoedvaldomagalhaes.com.br\/index.php\/wp-json\/wp\/v2\/posts"}],"about":[{"href":"https:\/\/blogdoedvaldomagalhaes.com.br\/index.php\/wp-json\/wp\/v2\/types\/post"}],"author":[{"embeddable":true,"href":"https:\/\/blogdoedvaldomagalhaes.com.br\/index.php\/wp-json\/wp\/v2\/users\/1"}],"replies":[{"embeddable":true,"href":"https:\/\/blogdoedvaldomagalhaes.com.br\/index.php\/wp-json\/wp\/v2\/comments?post=7632"}],"version-history":[{"count":1,"href":"https:\/\/blogdoedvaldomagalhaes.com.br\/index.php\/wp-json\/wp\/v2\/posts\/7632\/revisions"}],"predecessor-version":[{"id":14271,"href":"https:\/\/blogdoedvaldomagalhaes.com.br\/index.php\/wp-json\/wp\/v2\/posts\/7632\/revisions\/14271"}],"wp:attachment":[{"href":"https:\/\/blogdoedvaldomagalhaes.com.br\/index.php\/wp-json\/wp\/v2\/media?parent=7632"}],"wp:term":[{"taxonomy":"category","embeddable":true,"href":"https:\/\/blogdoedvaldomagalhaes.com.br\/index.php\/wp-json\/wp\/v2\/categories?post=7632"},{"taxonomy":"post_tag","embeddable":true,"href":"https:\/\/blogdoedvaldomagalhaes.com.br\/index.php\/wp-json\/wp\/v2\/tags?post=7632"}],"curies":[{"name":"wp","href":"https:\/\/api.w.org\/{rel}","templated":true}]}}