{"id":76231,"date":"2021-10-18T16:11:46","date_gmt":"2021-10-18T19:11:46","guid":{"rendered":"https:\/\/blogdoedvaldomagalhaes.com.br\/?p=76231"},"modified":"2021-10-18T16:11:48","modified_gmt":"2021-10-18T19:11:48","slug":"caruaru-city-confirma-jogo-contra-o-america-para-o-estadio-vera-cruz-sem-publico","status":"publish","type":"post","link":"https:\/\/blogdoedvaldomagalhaes.com.br\/index.php\/2021\/10\/18\/caruaru-city-confirma-jogo-contra-o-america-para-o-estadio-vera-cruz-sem-publico\/","title":{"rendered":"Caruaru City confirma jogo contra o Am\u00e9rica para o Est\u00e1dio Vera Cruz, sem p\u00fablico"},"content":{"rendered":"<p style=\"text-align: justify;\"><span style=\"font-size: inherit;\">O Caruaru City confirmou que vai mandar o jogo contra o Am\u00e9rica no Est\u00e1dio Ant\u00f4nio In\u00e1cio de Souza, o Vera Cruz, sem a presen\u00e7a de p\u00fablico. A partida ser\u00e1 nesta quarta-feira (20), \u00e0s 15h, v\u00e1lida pela segunda rodada da segunda fase do Campeonato Pernambucano S\u00e9rie A2.<\/span><\/p>\n<p style=\"text-align: justify;\">Para receber p\u00fablico, o Est\u00e1dio Ant\u00f4nio In\u00e1cio ainda aguarda a atualiza\u00e7\u00e3o do laudo de seguran\u00e7a, com parecer dado pela Pol\u00edcia Militar, e dever\u00e1 ficar pronto nesta semana. Com isso, o Caruaru City espera receber a torcida nos jogos da terceira fase do campeonato.<\/p>\n<p style=\"text-align: justify;\">A equipe caruaruense adotou o Est\u00e1dio Vera Cruz como casa no in\u00edcio da temporada e volta a jogar nele ap\u00f3s quatro jogos na competi\u00e7\u00e3o. Sendo um deles como mandante, disputado no Est\u00e1dio Lacerd\u00e3o, no dia 9 deste m\u00eas, que marcou a volta da torcida em Caruaru.<\/p>\n<p style=\"text-align: justify;\">PREPARA\u00c7\u00c3O: O Caruaru City inicia os treinamentos nesta segunda-feira, \u00e0s 15h, no CT Ninho do Gavi\u00e3o, j\u00e1 visando a prepara\u00e7\u00e3o para o jogo de quarta-feira. A equipe vem de empate fora de casa, no \u00faltimo s\u00e1bado, contra o Ipojuca, e vai em busca da vit\u00f3ria contra o Am\u00e9rica.<\/p>\n","protected":false},"excerpt":{"rendered":"<p>O Caruaru City confirmou que vai mandar o jogo contra o Am\u00e9rica no Est\u00e1dio Ant\u00f4nio In\u00e1cio de Souza, o Vera&hellip;<\/p>\n","protected":false},"author":1,"featured_media":76232,"comment_status":"open","ping_status":"open","sticky":false,"template":"","format":"standard","meta":{"footnotes":""},"categories":[14123],"tags":[2,19532,3406,23148],"class_list":["post-76231","post","type-post","status-publish","format-standard","has-post-thumbnail","hentry","category-futebol","tag-blog-do-edvaldo-magalhaes","tag-blog-mais-acessado-e-visualizado-de-caruaru-e-regiao","tag-caruaru","tag-caruaru-city-confirma-jogo-contra-o-america-para-o-estadio-vera-cruz-sem-publico"],"_links":{"self":[{"href":"https:\/\/blogdoedvaldomagalhaes.com.br\/index.php\/wp-json\/wp\/v2\/posts\/76231","targetHints":{"allow":["GET"]}}],"collection":[{"href":"https:\/\/blogdoedvaldomagalhaes.com.br\/index.php\/wp-json\/wp\/v2\/posts"}],"about":[{"href":"https:\/\/blogdoedvaldomagalhaes.com.br\/index.php\/wp-json\/wp\/v2\/types\/post"}],"author":[{"embeddable":true,"href":"https:\/\/blogdoedvaldomagalhaes.com.br\/index.php\/wp-json\/wp\/v2\/users\/1"}],"replies":[{"embeddable":true,"href":"https:\/\/blogdoedvaldomagalhaes.com.br\/index.php\/wp-json\/wp\/v2\/comments?post=76231"}],"version-history":[{"count":1,"href":"https:\/\/blogdoedvaldomagalhaes.com.br\/index.php\/wp-json\/wp\/v2\/posts\/76231\/revisions"}],"predecessor-version":[{"id":76233,"href":"https:\/\/blogdoedvaldomagalhaes.com.br\/index.php\/wp-json\/wp\/v2\/posts\/76231\/revisions\/76233"}],"wp:featuredmedia":[{"embeddable":true,"href":"https:\/\/blogdoedvaldomagalhaes.com.br\/index.php\/wp-json\/wp\/v2\/media\/76232"}],"wp:attachment":[{"href":"https:\/\/blogdoedvaldomagalhaes.com.br\/index.php\/wp-json\/wp\/v2\/media?parent=76231"}],"wp:term":[{"taxonomy":"category","embeddable":true,"href":"https:\/\/blogdoedvaldomagalhaes.com.br\/index.php\/wp-json\/wp\/v2\/categories?post=76231"},{"taxonomy":"post_tag","embeddable":true,"href":"https:\/\/blogdoedvaldomagalhaes.com.br\/index.php\/wp-json\/wp\/v2\/tags?post=76231"}],"curies":[{"name":"wp","href":"https:\/\/api.w.org\/{rel}","templated":true}]}}