{"id":76223,"date":"2021-10-18T15:50:29","date_gmt":"2021-10-18T18:50:29","guid":{"rendered":"https:\/\/blogdoedvaldomagalhaes.com.br\/?p=76223"},"modified":"2021-10-18T15:54:57","modified_gmt":"2021-10-18T18:54:57","slug":"menor-e-apreendido-por-demolir-banco-de-praca-em-toritama","status":"publish","type":"post","link":"https:\/\/blogdoedvaldomagalhaes.com.br\/index.php\/2021\/10\/18\/menor-e-apreendido-por-demolir-banco-de-praca-em-toritama\/","title":{"rendered":"Menor \u00e9 apreendido por demolir banco de pra\u00e7a em Toritama"},"content":{"rendered":"<p style=\"text-align: justify;\"><span style=\"font-size: inherit;\">N\u00e3o ficou impune, um ato de vandalismo que ocorreu na pra\u00e7a do bairro Pr\u00edncipe da Paz em Toritama, na noite do domingo (17\/10). Quando um menor de idade demoliu a chutes uma das bancas daquela pra\u00e7a.<\/span><\/p>\n<p style=\"text-align: justify;\">Ao tomar conhecimento da destrui\u00e7\u00e3o daquele patrim\u00f4nio p\u00fablico, a GMT &#8211; Guarda Municipal de Toritama identificou e apreendeu um menor de idade que executou o ato. Ele foi conduzido \u00e0 delegacia de Pol\u00edcia Civil de Toritama que efetuou as medidas legais.<\/p>\n<p style=\"text-align: justify;\">De acordo com a Guarda Municipal, v\u00e1rias outras bancas e estruturas da pra\u00e7a foram demolidas nas \u00faltimas semana.<\/p>\n\n\n<figure class=\"wp-block-image size-large\"><img loading=\"lazy\" decoding=\"async\" width=\"768\" height=\"1024\" src=\"https:\/\/blogdoedvaldomagalhaes.com.br\/wp-content\/uploads\/2021\/10\/IMG-20211018-WA0180-768x1024.jpg\" alt=\"\" class=\"wp-image-76226\" srcset=\"https:\/\/blogdoedvaldomagalhaes.com.br\/wp-content\/uploads\/2021\/10\/IMG-20211018-WA0180-768x1024.jpg 768w, https:\/\/blogdoedvaldomagalhaes.com.br\/wp-content\/uploads\/2021\/10\/IMG-20211018-WA0180-225x300.jpg 225w, https:\/\/blogdoedvaldomagalhaes.com.br\/wp-content\/uploads\/2021\/10\/IMG-20211018-WA0180.jpg 960w\" sizes=\"auto, (max-width: 768px) 100vw, 768px\" \/><figcaption>Fotos: Divulga\u00e7\u00e3o<\/figcaption><\/figure>\n","protected":false},"excerpt":{"rendered":"<p>N\u00e3o ficou impune, um ato de vandalismo que ocorreu na pra\u00e7a do bairro Pr\u00edncipe da Paz em Toritama, na noite&hellip;<\/p>\n","protected":false},"author":1,"featured_media":76224,"comment_status":"open","ping_status":"open","sticky":false,"template":"","format":"standard","meta":{"footnotes":""},"categories":[14121],"tags":[2,19532,3406,23147,6],"class_list":["post-76223","post","type-post","status-publish","format-standard","has-post-thumbnail","hentry","category-policial","tag-blog-do-edvaldo-magalhaes","tag-blog-mais-acessado-e-visualizado-de-caruaru-e-regiao","tag-caruaru","tag-menor-e-apreendido-por-demolir-banco-de-praca-em-toritama","tag-noticias"],"_links":{"self":[{"href":"https:\/\/blogdoedvaldomagalhaes.com.br\/index.php\/wp-json\/wp\/v2\/posts\/76223","targetHints":{"allow":["GET"]}}],"collection":[{"href":"https:\/\/blogdoedvaldomagalhaes.com.br\/index.php\/wp-json\/wp\/v2\/posts"}],"about":[{"href":"https:\/\/blogdoedvaldomagalhaes.com.br\/index.php\/wp-json\/wp\/v2\/types\/post"}],"author":[{"embeddable":true,"href":"https:\/\/blogdoedvaldomagalhaes.com.br\/index.php\/wp-json\/wp\/v2\/users\/1"}],"replies":[{"embeddable":true,"href":"https:\/\/blogdoedvaldomagalhaes.com.br\/index.php\/wp-json\/wp\/v2\/comments?post=76223"}],"version-history":[{"count":2,"href":"https:\/\/blogdoedvaldomagalhaes.com.br\/index.php\/wp-json\/wp\/v2\/posts\/76223\/revisions"}],"predecessor-version":[{"id":76227,"href":"https:\/\/blogdoedvaldomagalhaes.com.br\/index.php\/wp-json\/wp\/v2\/posts\/76223\/revisions\/76227"}],"wp:featuredmedia":[{"embeddable":true,"href":"https:\/\/blogdoedvaldomagalhaes.com.br\/index.php\/wp-json\/wp\/v2\/media\/76224"}],"wp:attachment":[{"href":"https:\/\/blogdoedvaldomagalhaes.com.br\/index.php\/wp-json\/wp\/v2\/media?parent=76223"}],"wp:term":[{"taxonomy":"category","embeddable":true,"href":"https:\/\/blogdoedvaldomagalhaes.com.br\/index.php\/wp-json\/wp\/v2\/categories?post=76223"},{"taxonomy":"post_tag","embeddable":true,"href":"https:\/\/blogdoedvaldomagalhaes.com.br\/index.php\/wp-json\/wp\/v2\/tags?post=76223"}],"curies":[{"name":"wp","href":"https:\/\/api.w.org\/{rel}","templated":true}]}}