{"id":76219,"date":"2021-10-18T15:42:36","date_gmt":"2021-10-18T18:42:36","guid":{"rendered":"https:\/\/blogdoedvaldomagalhaes.com.br\/?p=76219"},"modified":"2021-10-18T15:56:56","modified_gmt":"2021-10-18T18:56:56","slug":"raquel-lyra-discute-andamento-do-programa-feira-conectada","status":"publish","type":"post","link":"https:\/\/blogdoedvaldomagalhaes.com.br\/index.php\/2021\/10\/18\/raquel-lyra-discute-andamento-do-programa-feira-conectada\/","title":{"rendered":"Raquel Lyra discute andamento do programa Feira Conectada"},"content":{"rendered":"<p style=\"text-align: justify;\"><span style=\"font-size: inherit;\">A Prefeita de Caruaru, Raquel Lyra, esteve se reunindo no seu gabinete, na manh\u00e3 desta segunda-feira (18), no Pal\u00e1cio Jaime Nejaim, com o secret\u00e1rio de Desenvolvimento Econ\u00f4mico, Turismo e Economia Criativa (Sedetec), Andr\u00e9 Teixeira Filho, e com representantes da Ag\u00eancia Brasileira de Desenvolvimento Industrial (ABDI), do Centro de Estudos e Sistemas Avan\u00e7ados do Recife (CESAR) e do Sebrae. Em pauta, o andamento do programa Feira Conectada, que foi lan\u00e7ado no \u00faltimo dia 24 de setembro, e que tem como objetivo desenvolver um plano de transforma\u00e7\u00e3o digital para os feirantes participantes.<\/span><\/p>\n<p style=\"text-align: justify;\">Durante o encontro, a gestora municipal refor\u00e7ou a import\u00e2ncia da execu\u00e7\u00e3o do programa. \u201cN\u00e3o tenho d\u00favidas do sucesso dessa iniciativa. A pandemia s\u00f3 antecipou o que precisava ser feito diante da competitividade de mercado. \u00c9 muito simb\u00f3lico para a nossa cidade poder chegar e dizer que vamos ajudar a fazer essa travessia digital nesse momento\u201d, disse Raquel.<\/p>\n<p style=\"text-align: justify;\">Antes de ser reunir com a Prefeita, o grupo de gestores do Feira Conectada esteve circulando pela Feira da Sulanca, no Parque 18 de Maio, onde p\u00f4de dar prosseguimento ao diagn\u00f3stico sobre a realidade digital dos empreendedores. Para Jaime Alheiros, do CESAR, a inten\u00e7\u00e3o \u00e9 de identificar a maturidade digital dos participantes. \u201cEles precisam, cada vez mais, adotar novas tecnologias para prosperarem no mercado. Atrav\u00e9s, justamente desse diagn\u00f3stico tra\u00e7ado pelo Feira, poderemos aplicar medidas que permitir\u00e3o solu\u00e7\u00f5es para eles.\u201d<\/p>\n<p style=\"text-align: justify;\">Segundo a analista de projetos da ABDI, Mirorlavia Pinho, os empreendedores inscritos no programa passar\u00e3o por consultorias j\u00e1 nas pr\u00f3ximas semanas. \u201cAp\u00f3s a finaliza\u00e7\u00e3o do diagn\u00f3stico, em conjunto, as institui\u00e7\u00f5es parceiras desenvolver\u00e3o as atividades necess\u00e1rias para que os feirantes obtenham aumento de presen\u00e7a digital e consequentes crescimentos nos n\u00fameros de clientes e de faturamentos, com redu\u00e7\u00e3o, de quebra, em rela\u00e7\u00e3o aos custos\u201d, afirmou.<\/p>\n<p style=\"text-align: justify;\">Durante a sua vig\u00eancia, o Feira Conectada oferecer\u00e1 atendimento personalizado com especialistas qualificados. A iniciativa corresponde a um Acordo de Coopera\u00e7\u00e3o t\u00e9cnica entre ABDI e a Prefeitura de Caruaru com a n\u00e3o transfer\u00eancia de recursos financeiros entre as partes.<\/p>\n\n\n<figure class=\"wp-block-image size-large\"><img loading=\"lazy\" decoding=\"async\" width=\"1024\" height=\"682\" src=\"https:\/\/blogdoedvaldomagalhaes.com.br\/wp-content\/uploads\/2021\/10\/IMG-20211018-WA0169-1024x682.jpg\" alt=\"\" class=\"wp-image-76228\" srcset=\"https:\/\/blogdoedvaldomagalhaes.com.br\/wp-content\/uploads\/2021\/10\/IMG-20211018-WA0169-1024x682.jpg 1024w, https:\/\/blogdoedvaldomagalhaes.com.br\/wp-content\/uploads\/2021\/10\/IMG-20211018-WA0169-300x200.jpg 300w, https:\/\/blogdoedvaldomagalhaes.com.br\/wp-content\/uploads\/2021\/10\/IMG-20211018-WA0169-768x512.jpg 768w, https:\/\/blogdoedvaldomagalhaes.com.br\/wp-content\/uploads\/2021\/10\/IMG-20211018-WA0169.jpg 1280w\" sizes=\"auto, (max-width: 1024px) 100vw, 1024px\" \/><figcaption>Fotos: SEIC\/Divulga\u00e7\u00e3o<\/figcaption><\/figure>\n","protected":false},"excerpt":{"rendered":"<p>A Prefeita de Caruaru, Raquel Lyra, esteve se reunindo no seu gabinete, na manh\u00e3 desta segunda-feira (18), no Pal\u00e1cio Jaime&hellip;<\/p>\n","protected":false},"author":1,"featured_media":76220,"comment_status":"open","ping_status":"open","sticky":false,"template":"","format":"standard","meta":{"footnotes":""},"categories":[14122],"tags":[2,19532,3406,6,23146],"class_list":["post-76219","post","type-post","status-publish","format-standard","has-post-thumbnail","hentry","category-politica","tag-blog-do-edvaldo-magalhaes","tag-blog-mais-acessado-e-visualizado-de-caruaru-e-regiao","tag-caruaru","tag-noticias","tag-raquel-lyra-discute-andamento-do-programa-feira-conectada"],"_links":{"self":[{"href":"https:\/\/blogdoedvaldomagalhaes.com.br\/index.php\/wp-json\/wp\/v2\/posts\/76219","targetHints":{"allow":["GET"]}}],"collection":[{"href":"https:\/\/blogdoedvaldomagalhaes.com.br\/index.php\/wp-json\/wp\/v2\/posts"}],"about":[{"href":"https:\/\/blogdoedvaldomagalhaes.com.br\/index.php\/wp-json\/wp\/v2\/types\/post"}],"author":[{"embeddable":true,"href":"https:\/\/blogdoedvaldomagalhaes.com.br\/index.php\/wp-json\/wp\/v2\/users\/1"}],"replies":[{"embeddable":true,"href":"https:\/\/blogdoedvaldomagalhaes.com.br\/index.php\/wp-json\/wp\/v2\/comments?post=76219"}],"version-history":[{"count":2,"href":"https:\/\/blogdoedvaldomagalhaes.com.br\/index.php\/wp-json\/wp\/v2\/posts\/76219\/revisions"}],"predecessor-version":[{"id":76230,"href":"https:\/\/blogdoedvaldomagalhaes.com.br\/index.php\/wp-json\/wp\/v2\/posts\/76219\/revisions\/76230"}],"wp:featuredmedia":[{"embeddable":true,"href":"https:\/\/blogdoedvaldomagalhaes.com.br\/index.php\/wp-json\/wp\/v2\/media\/76220"}],"wp:attachment":[{"href":"https:\/\/blogdoedvaldomagalhaes.com.br\/index.php\/wp-json\/wp\/v2\/media?parent=76219"}],"wp:term":[{"taxonomy":"category","embeddable":true,"href":"https:\/\/blogdoedvaldomagalhaes.com.br\/index.php\/wp-json\/wp\/v2\/categories?post=76219"},{"taxonomy":"post_tag","embeddable":true,"href":"https:\/\/blogdoedvaldomagalhaes.com.br\/index.php\/wp-json\/wp\/v2\/tags?post=76219"}],"curies":[{"name":"wp","href":"https:\/\/api.w.org\/{rel}","templated":true}]}}