{"id":76195,"date":"2021-10-17T21:53:50","date_gmt":"2021-10-18T00:53:50","guid":{"rendered":"https:\/\/blogdoedvaldomagalhaes.com.br\/?p=76195"},"modified":"2021-10-17T21:53:53","modified_gmt":"2021-10-18T00:53:53","slug":"nova-jerusalem-sera-palco-de-grande-evento-religioso","status":"publish","type":"post","link":"https:\/\/blogdoedvaldomagalhaes.com.br\/index.php\/2021\/10\/17\/nova-jerusalem-sera-palco-de-grande-evento-religioso\/","title":{"rendered":"Nova Jerusal\u00e9m ser\u00e1 palco de grande evento religioso"},"content":{"rendered":"<p style=\"text-align: justify;\"><span style=\"font-size: inherit;\">No pr\u00f3ximo dia 4 de DEZEMBRO, a cidade de pedra NOVA JERUSAL\u00c9M ( Maior teatro ao ar livre do mundo), ser\u00e1 palco do LOUVOR BENEFICENTE realizado pela PAR\u00d3QUIA NOSSA SENHORA da CONCEI\u00c7\u00c3O\/ DIOCESE de PESQUEIRA, que ter\u00e1 como atra\u00e7\u00e3o principal IVALDO DIAS( criador do m\u00e9todo chamado LOUVOR POR CURA INTERIOR e fundador da COMUNIDADE MISSION\u00c1RIA S\u00c3O FRANCISCO.<\/span><\/p>\n<p style=\"text-align: justify;\">O evento ter\u00e1 a coordena\u00e7\u00e3o geral do PADRE PAULO C\u00c9SAR DO NASCIMENTO, com PREVIS\u00c3O DE P\u00daBLICO de 2.000 PESSOAS.<\/p>\n<p style=\"text-align: justify;\">APOIO CULTURAL da Sociedade Teatral de Fazenda Nova- Nova Jerusal\u00e9m, Pousada da Paix\u00e3o e Prefeitura do Brejo da Madre de Deus.<\/p>\n<p style=\"text-align: justify;\">Os INGRESSOS ser\u00e3o VENDIDOS nas Par\u00f3quias com PRE\u00c7OS POPULARES, em dois lotes: Primeiro lote R$ 20,00\/ Segundo lote R$25,00, al\u00e9m da venda nas bilheterias do Teatro no dia do evento.<\/p>\n<p style=\"text-align: justify;\">ABERTURA DAS BILHETERIAS : 17h<br \/>ABERTURA DOS PORT\u00d5ES: 18h<\/p>\n<p style=\"text-align: justify;\">IN\u00cdCIO DO EVENTO: 19h30<br \/>T\u00c9RMINO DO EVENTO: 23h30<\/p>\n<p style=\"text-align: justify;\">MUITO IMPORTANTE: <br \/>Ser\u00e3o cumpridas todas as normas sanit\u00e1rias determinadas pelo Governo do Estado de Pernambuco, e Prefeitura do Brejo da Madre de Deus.<\/p>\n\n\n<p><\/p>\n","protected":false},"excerpt":{"rendered":"<p>No pr\u00f3ximo dia 4 de DEZEMBRO, a cidade de pedra NOVA JERUSAL\u00c9M ( Maior teatro ao ar livre do mundo),&hellip;<\/p>\n","protected":false},"author":1,"featured_media":76196,"comment_status":"open","ping_status":"open","sticky":false,"template":"","format":"standard","meta":{"footnotes":""},"categories":[14120],"tags":[2,19532,6,23143],"class_list":["post-76195","post","type-post","status-publish","format-standard","has-post-thumbnail","hentry","category-noticias","tag-blog-do-edvaldo-magalhaes","tag-blog-mais-acessado-e-visualizado-de-caruaru-e-regiao","tag-noticias","tag-nova-jerusalem-sera-palco-de-grande-evento-religioso"],"_links":{"self":[{"href":"https:\/\/blogdoedvaldomagalhaes.com.br\/index.php\/wp-json\/wp\/v2\/posts\/76195","targetHints":{"allow":["GET"]}}],"collection":[{"href":"https:\/\/blogdoedvaldomagalhaes.com.br\/index.php\/wp-json\/wp\/v2\/posts"}],"about":[{"href":"https:\/\/blogdoedvaldomagalhaes.com.br\/index.php\/wp-json\/wp\/v2\/types\/post"}],"author":[{"embeddable":true,"href":"https:\/\/blogdoedvaldomagalhaes.com.br\/index.php\/wp-json\/wp\/v2\/users\/1"}],"replies":[{"embeddable":true,"href":"https:\/\/blogdoedvaldomagalhaes.com.br\/index.php\/wp-json\/wp\/v2\/comments?post=76195"}],"version-history":[{"count":1,"href":"https:\/\/blogdoedvaldomagalhaes.com.br\/index.php\/wp-json\/wp\/v2\/posts\/76195\/revisions"}],"predecessor-version":[{"id":76197,"href":"https:\/\/blogdoedvaldomagalhaes.com.br\/index.php\/wp-json\/wp\/v2\/posts\/76195\/revisions\/76197"}],"wp:featuredmedia":[{"embeddable":true,"href":"https:\/\/blogdoedvaldomagalhaes.com.br\/index.php\/wp-json\/wp\/v2\/media\/76196"}],"wp:attachment":[{"href":"https:\/\/blogdoedvaldomagalhaes.com.br\/index.php\/wp-json\/wp\/v2\/media?parent=76195"}],"wp:term":[{"taxonomy":"category","embeddable":true,"href":"https:\/\/blogdoedvaldomagalhaes.com.br\/index.php\/wp-json\/wp\/v2\/categories?post=76195"},{"taxonomy":"post_tag","embeddable":true,"href":"https:\/\/blogdoedvaldomagalhaes.com.br\/index.php\/wp-json\/wp\/v2\/tags?post=76195"}],"curies":[{"name":"wp","href":"https:\/\/api.w.org\/{rel}","templated":true}]}}