{"id":7619,"date":"2016-11-22T10:49:00","date_gmt":"2016-11-22T12:49:00","guid":{"rendered":"http:\/\/blogdoedvaldomagalhaes.com.br\/index.php\/2016\/11\/22\/jovem-e-vitima-de-bala-perdida-e\/"},"modified":"2019-02-09T01:07:07","modified_gmt":"2019-02-09T03:07:07","slug":"jovem-e-vitima-de-bala-perdida-e","status":"publish","type":"post","link":"https:\/\/blogdoedvaldomagalhaes.com.br\/index.php\/2016\/11\/22\/jovem-e-vitima-de-bala-perdida-e\/","title":{"rendered":"Jovem \u00e9 v\u00edtima de bala perdida em Caruaru durante tentativa de assalto"},"content":{"rendered":"<div class=\"separator\" style=\"clear: both; text-align: center;\">\n<a href=\"https:\/\/2.bp.blogspot.com\/-ew3SBrplmdY\/WDQinbEjE9I\/AAAAAAAAKRI\/rD2IRRCvSw0Flx8PAwOELaFLI8Er4qwNwCLcB\/s1600\/v%25C3%25ADtima.jpg\" imageanchor=\"1\" style=\"margin-left: 1em; margin-right: 1em;\"><img loading=\"lazy\" decoding=\"async\" border=\"0\" height=\"400\" src=\"http:\/\/blogdoedvaldomagalhaes.com.br\/wp-content\/uploads\/2016\/11\/vC3ADtima.jpg\" width=\"300\" \/><\/a><\/div>\n<div style=\"color: #333333; font-family: &quot;Open Sans&quot;, sans-serif; font-size: 15px; list-style: none; text-align: justify;\">\n<\/div>\n<div style=\"list-style: none; text-align: justify;\">\nUm jovem de 20 anos foi v\u00edtima de bala perdida no in\u00edcio da noite desta segunda-feira (21), na 2\u00aa Travessa Ant\u00f4nio Martins, bairro Vassoural, em Caruaru, Agreste pernambucano. Segundo populares, Euclides Vieira dos Santos J\u00fanior passava pelo local quando um homem tentava assaltar pessoas que estavam em um ve\u00edculo e efetuou v\u00e1rios disparos. Um dos tiros atingiu o rapaz, que foi socorrido pelo Samu para o Hospital Regional do Agreste (HRA).<\/div>\n<div style=\"list-style: none; text-align: justify;\">\n<\/div>\n<div style=\"list-style: none; text-align: justify;\">\nNo Loteamento Para\u00edso, tamb\u00e9m em Caruaru, um homem de 40 anos foi baleado durante um assalto. Wanderlindo Ferreira dos Santos foi abordado por dois bandidos na Rua 14 de Mar\u00e7o. Eles tomaram um celular e a carteira e depois atiraram. A v\u00edtima foi socorrida pelo Samu para o HRA.<\/p>\n<p><\/div>\n","protected":false},"excerpt":{"rendered":"<p>Um jovem de 20 anos foi v\u00edtima de bala perdida no in\u00edcio da noite desta segunda-feira (21), na 2\u00aa Travessa&hellip;<\/p>\n","protected":false},"author":1,"featured_media":0,"comment_status":"open","ping_status":"open","sticky":false,"template":"","format":"standard","meta":{"footnotes":""},"categories":[1],"tags":[2331,2,312,2083,10947,9633,13],"class_list":["post-7619","post","type-post","status-publish","format-standard","hentry","category-sem-categoria","tag-bairro-vassoural","tag-blog-do-edvaldo-magalhaes","tag-hospital-regional-do-agreste","tag-hra","tag-jovem-e-vitima-de-bala-perdida-em-caruaru-durante-tentativa-de-assalto","tag-loteamento-paraiso","tag-policial"],"_links":{"self":[{"href":"https:\/\/blogdoedvaldomagalhaes.com.br\/index.php\/wp-json\/wp\/v2\/posts\/7619","targetHints":{"allow":["GET"]}}],"collection":[{"href":"https:\/\/blogdoedvaldomagalhaes.com.br\/index.php\/wp-json\/wp\/v2\/posts"}],"about":[{"href":"https:\/\/blogdoedvaldomagalhaes.com.br\/index.php\/wp-json\/wp\/v2\/types\/post"}],"author":[{"embeddable":true,"href":"https:\/\/blogdoedvaldomagalhaes.com.br\/index.php\/wp-json\/wp\/v2\/users\/1"}],"replies":[{"embeddable":true,"href":"https:\/\/blogdoedvaldomagalhaes.com.br\/index.php\/wp-json\/wp\/v2\/comments?post=7619"}],"version-history":[{"count":1,"href":"https:\/\/blogdoedvaldomagalhaes.com.br\/index.php\/wp-json\/wp\/v2\/posts\/7619\/revisions"}],"predecessor-version":[{"id":14321,"href":"https:\/\/blogdoedvaldomagalhaes.com.br\/index.php\/wp-json\/wp\/v2\/posts\/7619\/revisions\/14321"}],"wp:attachment":[{"href":"https:\/\/blogdoedvaldomagalhaes.com.br\/index.php\/wp-json\/wp\/v2\/media?parent=7619"}],"wp:term":[{"taxonomy":"category","embeddable":true,"href":"https:\/\/blogdoedvaldomagalhaes.com.br\/index.php\/wp-json\/wp\/v2\/categories?post=7619"},{"taxonomy":"post_tag","embeddable":true,"href":"https:\/\/blogdoedvaldomagalhaes.com.br\/index.php\/wp-json\/wp\/v2\/tags?post=7619"}],"curies":[{"name":"wp","href":"https:\/\/api.w.org\/{rel}","templated":true}]}}