{"id":76189,"date":"2021-10-17T21:32:15","date_gmt":"2021-10-18T00:32:15","guid":{"rendered":"https:\/\/blogdoedvaldomagalhaes.com.br\/?p=76189"},"modified":"2021-10-17T21:42:13","modified_gmt":"2021-10-18T00:42:13","slug":"exposicao-olhares-poeticos-de-caruaru-a-partir-desta-terca-feira-19","status":"publish","type":"post","link":"https:\/\/blogdoedvaldomagalhaes.com.br\/index.php\/2021\/10\/17\/exposicao-olhares-poeticos-de-caruaru-a-partir-desta-terca-feira-19\/","title":{"rendered":"Exposi\u00e7\u00e3o &#8220;Olhares Po\u00e9ticos de Caruaru&#8221;, a partir desta ter\u00e7a-feira (19)"},"content":{"rendered":"<p style=\"text-align: justify;\"><span style=\"font-size: inherit;\">A Funda\u00e7\u00e3o de Cultura, realiza, a partir desta ter\u00e7a-feira (19), a exposi\u00e7\u00e3o &#8220;Olhares Po\u00e9ticos de Caruaru&#8221;, no Museu do Barro. A mostra retrata em telas as cenas reais de uma Caruaru cosmopolita. Ser\u00e1 apresentado o olhar de cerca de 20 artistas caruaruenses nativos e de outras regi\u00f5es do pa\u00eds que foram abra\u00e7ados por essa cidade, m\u00e3e de todas as artes. Um olhar de diversos \u00e2ngulos do munic\u00edpio, como forma de despertar nas pessoas o interesse do debate sobre a cidade que enxergamos todos os dias e que queremos para viver.<\/span><\/p>\n<p style=\"text-align: justify;\">Essas obras de diversos olhares ser\u00e3o complementadas por estrofes po\u00e9ticas do poeta e jornalista H\u00e9rlon Cavalcanti, no \u00e2ngulo art\u00edstico da escrita com a imagem, fazendo, assim, um casamento perfeito. A curadoria ser\u00e1 coletiva. A ideia \u00e9 socializar o conhecimento.<\/p>\n<p style=\"text-align: justify;\">Como ponto de partida, haver\u00e1, no dia 19 de outubro, a vernissage no Museu do Barro, a partir das 19h. A abertura contar\u00e1 com a presen\u00e7a e participa\u00e7\u00e3o, em uma mesa de di\u00e1logos, do professor da UFPE, doutor Kleber Rodrigues, que abrir\u00e1 a discuss\u00e3o com o tema &#8220;M\u00faltiplos olhares de Caruaru no contexto sociol\u00f3gico&#8221;; e do presidente da FCC, Rubens J\u00fanior, com o tema &#8220;Caruaru do meu tempo&#8221;. A media\u00e7\u00e3o ser\u00e1 feita pelo jornalista H\u00e9rlon Cavalcanti, atual diretor de Pol\u00edticas Culturais da FCC. Na ocasi\u00e3o ser\u00e3o feitas as entregas dos certificados de participa\u00e7\u00e3o da exposi\u00e7\u00e3o.<\/p>\n<p style=\"text-align: justify;\">A mostra visa atingir estudantes de escolas p\u00fablicas e particulares, turistas e amantes das artes. Ser\u00e1 realizada entre os dias 19 a 10 de novembro, no Sal\u00e3o de Artes do 1\u00ba. andar do Museu do Barro de Caruaru.<\/p>\n<p style=\"text-align: justify;\">Museu do Barro<\/p>\n<p style=\"text-align: justify;\">Hor\u00e1rio de visita\u00e7\u00e3o: 8h \u00e0s 17h (ter\u00e7as a s\u00e1bados) \/ 9h \u00e0s 13h (domingos)<\/p>\n<p style=\"text-align: justify;\">Taxas<\/p>\n<p style=\"text-align: justify;\">R$ 2 (inteira)<br>R$ 1 (meia)<br>Estudantes das redes estadual de Pernambuco e municipal de Caruaru n\u00e3o pagam. Acima de 60 anos \u00e9 isento de taxa tamb\u00e9m.<\/p>\n\n\n<p><\/p>\n","protected":false},"excerpt":{"rendered":"<p>A Funda\u00e7\u00e3o de Cultura, realiza, a partir desta ter\u00e7a-feira (19), a exposi\u00e7\u00e3o &#8220;Olhares Po\u00e9ticos de Caruaru&#8221;, no Museu do Barro.&hellip;<\/p>\n","protected":false},"author":1,"featured_media":76190,"comment_status":"open","ping_status":"open","sticky":false,"template":"","format":"standard","meta":{"footnotes":""},"categories":[14120],"tags":[2,19532,3406,23142,6],"class_list":["post-76189","post","type-post","status-publish","format-standard","has-post-thumbnail","hentry","category-noticias","tag-blog-do-edvaldo-magalhaes","tag-blog-mais-acessado-e-visualizado-de-caruaru-e-regiao","tag-caruaru","tag-exposicao-olhares-poeticos-de-caruaru","tag-noticias"],"_links":{"self":[{"href":"https:\/\/blogdoedvaldomagalhaes.com.br\/index.php\/wp-json\/wp\/v2\/posts\/76189","targetHints":{"allow":["GET"]}}],"collection":[{"href":"https:\/\/blogdoedvaldomagalhaes.com.br\/index.php\/wp-json\/wp\/v2\/posts"}],"about":[{"href":"https:\/\/blogdoedvaldomagalhaes.com.br\/index.php\/wp-json\/wp\/v2\/types\/post"}],"author":[{"embeddable":true,"href":"https:\/\/blogdoedvaldomagalhaes.com.br\/index.php\/wp-json\/wp\/v2\/users\/1"}],"replies":[{"embeddable":true,"href":"https:\/\/blogdoedvaldomagalhaes.com.br\/index.php\/wp-json\/wp\/v2\/comments?post=76189"}],"version-history":[{"count":2,"href":"https:\/\/blogdoedvaldomagalhaes.com.br\/index.php\/wp-json\/wp\/v2\/posts\/76189\/revisions"}],"predecessor-version":[{"id":76194,"href":"https:\/\/blogdoedvaldomagalhaes.com.br\/index.php\/wp-json\/wp\/v2\/posts\/76189\/revisions\/76194"}],"wp:featuredmedia":[{"embeddable":true,"href":"https:\/\/blogdoedvaldomagalhaes.com.br\/index.php\/wp-json\/wp\/v2\/media\/76190"}],"wp:attachment":[{"href":"https:\/\/blogdoedvaldomagalhaes.com.br\/index.php\/wp-json\/wp\/v2\/media?parent=76189"}],"wp:term":[{"taxonomy":"category","embeddable":true,"href":"https:\/\/blogdoedvaldomagalhaes.com.br\/index.php\/wp-json\/wp\/v2\/categories?post=76189"},{"taxonomy":"post_tag","embeddable":true,"href":"https:\/\/blogdoedvaldomagalhaes.com.br\/index.php\/wp-json\/wp\/v2\/tags?post=76189"}],"curies":[{"name":"wp","href":"https:\/\/api.w.org\/{rel}","templated":true}]}}